{"id":421493,"date":"2026-09-02T18:40:25","date_gmt":"2026-09-02T15:40:25","guid":{"rendered":"https:\/\/mediagear.ee\/laajakulmaobjektiivi-vs-teleobjektiivi-videotuotantoon\/"},"modified":"2026-09-02T18:40:25","modified_gmt":"2026-09-02T15:40:25","slug":"laajakulmaobjektiivi-vs-teleobjektiivi-videotuotantoon","status":"publish","type":"post","link":"https:\/\/mediagear.ee\/fi\/laajakulmaobjektiivi-vs-teleobjektiivi-videotuotantoon\/","title":{"rendered":"Laajakulma- ja teleobjektiivi videotuotannossa"},"content":{"rendered":"\n<p class=\"wp-block-paragraph\">Valinta laajakulma- ja teleobjektiivin v\u00e4lill\u00e4 vaikuttaa paljon muuhunkin kuin siihen, kuinka suuri osa tilasta mahtuu kuvaan. Objektiivin polttov\u00e4li m\u00e4\u00e4ritt\u00e4\u00e4 kuvan tilallisen perspektiivin, syv\u00e4ter\u00e4vyyden ja kohteen erottuvuuden taustasta \u2013 sek\u00e4 sen, milt\u00e4 liike ruudulla n\u00e4ytt\u00e4\u00e4.<\/p>\n\n\n\n<p class=\"wp-block-paragraph\">Videotuotannossa v\u00e4\u00e4r\u00e4 polttov\u00e4li voi vesitt\u00e4\u00e4 visuaalisen tarinankerronnan tai tuoda kuvauksiin turhia haasteita. Monissa tuotannoissa tuhlataan tunteja valtavan tilan valaisuun vain siksi, ett\u00e4 kuvaaja valitsi laajakulman, vaikka tiiviimpi rajaus olisi palvellut k\u00e4sikirjoitusta paremmin.<\/p>\n\n\n\n<p class=\"wp-block-paragraph\">Kun ymm\u00e4rr\u00e4t laajakulma- ja teleoptiikan erot, osaat valita oikeat objektiivit kameran liikkeen, kuvauspaikan rajoitusten ja halutun visuaalisen ilmeen perusteella.<\/p>\n\n\n\n<h2 class=\"wp-block-heading\">Kuvakulma ja kennon rajakerroin<\/h2>\n\n\n\n<p class=\"wp-block-paragraph\">Polttov\u00e4li m\u00e4\u00e4ritt\u00e4\u00e4 kuvakulman laajuuden. T\u00e4yden koon (full frame) kennolla laajakulmaobjektiivin polttov\u00e4li on yleens\u00e4 alle 35 mm, mik\u00e4 tarjoaa avaran n\u00e4kym\u00e4n. Teleobjektiivien polttov\u00e4lit alkavat tyypillisesti noin 70 millimetrist\u00e4 ja jatkuvat yli 200 millometriin, jolloin kuvakulma kapenee ja kaukaiset kohteet n\u00e4ytt\u00e4v\u00e4t olevan l\u00e4hemp\u00e4n\u00e4.<\/p>\n\n\n\n<p class=\"wp-block-paragraph\">Pelkk\u00e4 polttov\u00e4liluku ei silti kerro koko totuutta, sill\u00e4 kameran kennokoko vaikuttaa lopulliseen kuvakulmaan. Kun objektiivi kiinnitet\u00e4\u00e4n APS-C- tai Super35-kennolla varustettuun kameraan, optinen polttov\u00e4li on kerrottava kennon rajakertoimella (crop factor) <a href=\"https:\/\/www.canon-europe.com\/cameras\/aps-c-cameras\/\">Canonin kennom\u00e4\u00e4ritelmien<\/a> mukaisesti.<\/p>\n\n\n\n<p class=\"wp-block-paragraph\">Esimerkiksi 50 mm:n objektiivi APS-C-kamerassa (1,5x-rajakerroin) vastaa kuvakulmaltaan 75 mm:n telekuvaa t\u00e4yden koon kennolla. T\u00e4m\u00e4 laskelma kannattaa pit\u00e4\u00e4 mieless\u00e4, kun vertailet kennovaihtoehtoja <a href=\"https:\/\/mediagear.ee\/fi\/videokameran-osto-opas\/\">videokameran osto-oppaassamme<\/a>.<\/p>\n\n\n\n<h2 class=\"wp-block-heading\">Perspektiivin tiivistyminen ja tilan tuntu<\/h2>\n\n\n\n<p class=\"wp-block-paragraph\">Perspektiivi riippuu yksinomaan kameran ja kohteen v\u00e4lisest\u00e4 et\u00e4isyydest\u00e4. Jos pysyt paikallasi ja vaihdat polttov\u00e4li\u00e4, kuva vain l\u00e4hentyy tai loitontuu. Kun sen sijaan liikutat kameraa pit\u00e4\u00e4ksesi kohteen samankokoisena eri objektiiveilla, tilalliset suhteet muuttuvat dramaattisesti.<\/p>\n\n\n\n<p class=\"wp-block-paragraph\">Laajakulmalla kuvattaessa kamera on viet\u00e4v\u00e4 l\u00e4helle kohdetta. T\u00e4m\u00e4 korostaa etualan elementtej\u00e4 ja kasvattaa kohteiden v\u00e4list\u00e4 et\u00e4isyyden tunnetta, mik\u00e4 tuo kuvaan lis\u00e4\u00e4 syvyytt\u00e4. <a href=\"https:\/\/pmc.ncbi.nlm.nih.gov\/articles\/PMC4114730\/\">National Institutes of Healthin<\/a> julkaisema tutkimus osoittaa, ett\u00e4 katsojat kokevat tilan suurempana, kun laajakulma muuttaa etualan perspektiivi\u00e4.<\/p>\n\n\n\n<p class=\"wp-block-paragraph\">Teleobjektiivi taas pakottaa kuvaajan kauemmas. T\u00e4m\u00e4 tuo kaukaisen taustan ik\u00e4\u00e4n kuin l\u00e4hemm\u00e4s kohdetta ja saa aikaan perspektiivin tiivistymisen (compression). Ilmi\u00f6 erottaa kohteen tehokkaasti levottomasta taustasta ja luo elokuvallisen ilmeen.<\/p>\n\n\n\n<h2 class=\"wp-block-heading\">Optiset v\u00e4\u00e4ristym\u00e4t ja syv\u00e4ter\u00e4vyys<\/h2>\n\n\n\n<p class=\"wp-block-paragraph\">Eri polttov\u00e4lialueilla on omat optiset ominaisuutensa, jotka vaikuttavat kuvanlaatuun ja syv\u00e4ter\u00e4vyyteen:<\/p>\n\n\n\n<ul class=\"wp-block-list\">\n<li><strong>Tynnyriv\u00e4\u00e4ristym\u00e4 (barrel distortion):<\/strong> Yleist\u00e4 laajakulmissa; suorat viivat kaartuvat ulosp\u00e4in kuvan reunoja kohti. Ammattitason elokuvak\u00e4ytt\u00f6\u00f6n suunnitelluissa laajakulmissa hy\u00f6dynnet\u00e4\u00e4n erikoisoptiikkaa t\u00e4m\u00e4n ilmi\u00f6n korjaamiseksi.<\/li>\n<li><strong>Tyynyv\u00e4\u00e4ristym\u00e4 (pincushion distortion):<\/strong> Tyypillist\u00e4 teleobjektiiveille, jolloin suorat viivat taipuvat liev\u00e4sti sis\u00e4\u00e4np\u00e4in kohti kuvan keskipistett\u00e4.<\/li>\n<li><strong>Syv\u00e4ter\u00e4vyys (depth of field):<\/strong> Laajakulmaobjektiiveissa on luontaisesti suuri syv\u00e4ter\u00e4vyys, jolloin my\u00f6s tausta s\u00e4ilyy ter\u00e4v\u00e4n\u00e4. Teleobjektiivit puolestaan luovat samalla aukkoarvolla kapean syv\u00e4ter\u00e4vyyden ja pehme\u00e4n taustasumennuksen (bokeh).<\/li>\n<li><strong>K\u00e4sivarakuvauksen vakaus:<\/strong> Kameran t\u00e4rin\u00e4 erottuu huomattavasti selvemmin pitkill\u00e4 polttov\u00e4leill\u00e4. <a href=\"https:\/\/www.canon-europe.com\/pro\/infobank\/image-stabilisation-lenses\/\">Canon InfoBankin<\/a> suositusten mukaan teleobjektiivilla k\u00e4sivaraisesti kuvattaessa kannattaa aina k\u00e4ytt\u00e4\u00e4 optista kuvanvakainta tai tukevaa jalustaa.<\/li>\n<\/ul>\n\n\n\n<h2 class=\"wp-block-heading\">Laajakulmaobjektiivien k\u00e4ytt\u00f6 videotuotannossa<\/h2>\n\n\n\n<p class=\"wp-block-paragraph\">Laajakulmaobjektiivit ovat parhaimmillaan silloin, kun kuvaan halutaan tallentaa milj\u00f6\u00f6, mittakaava ja ymp\u00e4r\u00f6iv\u00e4 tila. Ne ovat korvaamattomia arkkitehtuuri- ja kiinteist\u00f6kuvauksessa, milj\u00f6\u00f6n hahmottavissa yleiskuvissa (establishing shots) sek\u00e4 kuvattaessa ahtaissa tiloissa, kuten ajoneuvojen sis\u00e4ll\u00e4.<\/p>\n\n\n\n<figure><img decoding=\"async\" src=\"https:\/\/mediagear.ee\/wp-content\/uploads\/2026\/09\/camera-tripod-living-42acaa-f6c45498550f.webp\" alt=\"Sis\u00e4kuvaus laajakulmalla\" \/><\/figure>\n\n\n\n<p class=\"wp-block-paragraph\">Kameran liikkeiss\u00e4 laajakulmat ovat eritt\u00e4in armollisia. Kuvanvakaimet ja gimbaalit toimivat parhaiten lyhyill\u00e4 polttov\u00e4leill\u00e4, sill\u00e4 pienet tasapainon heitot tai askeleen t\u00e4r\u00e4hdykset n\u00e4kyv\u00e4t kuvamateriaalissa huomattavasti v\u00e4hemm\u00e4n.<\/p>\n\n\n<div class=\"woocommerce columns-4 \"><ul class=\"products columns-4\">\n<li class=\"product type-product post-323239 status-publish first onbackorder product_cat-wide-angle-lenses-fi has-post-thumbnail taxable shipping-taxable purchasable product-type-simple\">\n\t<a href=\"https:\/\/mediagear.ee\/fi\/tuote\/laowa-15mm-t2-1-zero-d-cine-lens-sony-fe-feet\/\" class=\"woocommerce-LoopProduct-link woocommerce-loop-product__link\"><picture><source media=\"(max-width:9999px)\" srcset=\"https:\/\/mediagear.ee\/wp-content\/uploads\/bis-images\/323240\/LAOWA-15mm-T2.1-Zero-D-Cine-Lens-Sony-FE-feet-300x300.png\"><source media=\"(min-width:10000px)\" srcset=\"https:\/\/mediagear.ee\/wp-content\/uploads\/2025\/12\/LAOWA-15mm-T2.1-Zero-D-Cine-Lens-Sony-FE-feet.png\"><img decoding=\"async\" width=\"764\" height=\"800\" src=\"https:\/\/mediagear.ee\/wp-content\/uploads\/2025\/12\/LAOWA-15mm-T2.1-Zero-D-Cine-Lens-Sony-FE-feet.png\" class=\"attachment-full size-full\" alt=\"LAOWA 15mm T2.1 Zero-D Cine Lens - Sony FE (feet)\" srcset=\"https:\/\/mediagear.ee\/wp-content\/uploads\/2025\/12\/LAOWA-15mm-T2.1-Zero-D-Cine-Lens-Sony-FE-feet.png 764w, https:\/\/mediagear.ee\/wp-content\/uploads\/2025\/12\/LAOWA-15mm-T2.1-Zero-D-Cine-Lens-Sony-FE-feet-287x300.png 287w, https:\/\/mediagear.ee\/wp-content\/uploads\/2025\/12\/LAOWA-15mm-T2.1-Zero-D-Cine-Lens-Sony-FE-feet-350x366.png 350w, https:\/\/mediagear.ee\/wp-content\/uploads\/2025\/12\/LAOWA-15mm-T2.1-Zero-D-Cine-Lens-Sony-FE-feet-334x350.png 334w\" sizes=\"(max-width: 764px) 100vw, 764px\" data-xooWscFly=\"fly\" \/><\/picture><div class=\"product-category\">Laajakuvaobjektiivit<\/div><h2 class=\"woocommerce-loop-product__title\">LAOWA 15mm T2.1 Zero-D Cine Lens &#8211; Sony FE (feet)<\/h2><span class=\"price\"><div class=\"price-wrap\"><span class=\"woocommerce-Price-amount amount\"><bdi><span class=\"woocommerce-Price-currencySymbol\" translate=\"no\">&euro;<\/span>&nbsp;1 215.92<\/bdi><\/span> <\/div><small class=\"woocommerce-price-suffix\"><span class=\"woocommerce-Price-amount amount\"><bdi><span class=\"woocommerce-Price-currencySymbol\" translate=\"no\">&euro;<\/span>&nbsp;1 507.74<\/bdi><\/span> (sis. alv.)<\/small><\/span><\/a><span class=\"gtm4wp_productdata\" style=\"display:none; visibility:hidden;\" data-gtm4wp_product_data=\"{&quot;internal_id&quot;:323239,&quot;item_id&quot;:&quot;VE1521SFEC&quot;,&quot;item_name&quot;:&quot;LAOWA 15mm T2.1 Zero-D Cine Lens - Sony FE (feet)&quot;,&quot;sku&quot;:&quot;VE1521SFEC&quot;,&quot;price&quot;:1215.920000000000072759576141834259033203125,&quot;stocklevel&quot;:0,&quot;stockstatus&quot;:&quot;onbackorder&quot;,&quot;google_business_vertical&quot;:&quot;retail&quot;,&quot;item_category&quot;:&quot;Laajakuvaobjektiivit&quot;,&quot;id&quot;:&quot;VE1521SFEC&quot;,&quot;productlink&quot;:&quot;https:\\\/\\\/mediagear.ee\\\/fi\\\/tuote\\\/laowa-15mm-t2-1-zero-d-cine-lens-sony-fe-feet\\\/&quot;,&quot;item_list_name&quot;:&quot;General Product List&quot;,&quot;index&quot;:1,&quot;product_type&quot;:&quot;simple&quot;,&quot;item_brand&quot;:&quot;&quot;}\"><\/span><div class=\"wishlist-loop-button\"><button class=\"wishlist-toggle-button\"\n                     data-product-id=\"323239\" \n                     title=\"Add to wishlist\"><svg xmlns=\"http:\/\/www.w3.org\/2000\/svg\" width=\"24\" height=\"24\" viewBox=\"0 0 24 24\" fill=\"none\">\n                <path fill-rule=\"evenodd\" clip-rule=\"evenodd\" d=\"M8.272 4.95283C7.174 4.95283 6.077 5.34983 5.241 6.14483C4.441 6.90683 4 7.91783 4 8.99183C4 10.0648 4.441 11.0758 5.241 11.8378L12 18.2698L18.759 11.8378C19.559 11.0758 20 10.0648 20 8.99183C20 7.91883 19.559 6.90683 18.759 6.14483C17.088 4.55483 14.368 4.55483 12.697 6.14483L12 6.80883L11.303 6.14483C10.467 5.34983 9.37 4.95283 8.272 4.95283ZM12 20.9998L3.847 13.2408C2.656 12.1078 2 10.5988 2 8.99183C2 7.38483 2.656 5.87583 3.847 4.74183C6.067 2.62883 9.552 2.43883 12 4.16883C14.448 2.43883 17.933 2.62883 20.153 4.74183C21.344 5.87583 22 7.38483 22 8.99183C22 10.5988 21.344 12.1078 20.153 13.2408L12 20.9998Z\" fill=\"#425A7E\"><\/path>\n              <\/svg><\/button><\/button><\/div><\/li>\n<li class=\"product type-product post-325313 status-publish onbackorder product_cat-wide-angle-lenses-fi has-post-thumbnail taxable shipping-taxable purchasable product-type-simple\">\n\t<a href=\"https:\/\/mediagear.ee\/fi\/tuote\/laowa-7-5mm-t2-9-zero-d-s35-cine-lens-nikon-z\/\" class=\"woocommerce-LoopProduct-link woocommerce-loop-product__link\"><picture><source media=\"(max-width:9999px)\" srcset=\"https:\/\/mediagear.ee\/wp-content\/uploads\/bis-images\/325314\/LAOWA-7.5mm-T2.9-Zero-D-S35-Cine-Lens-Nikon-Z-300x300.png\"><source media=\"(min-width:10000px)\" srcset=\"https:\/\/mediagear.ee\/wp-content\/uploads\/2025\/12\/LAOWA-7.5mm-T2.9-Zero-D-S35-Cine-Lens-Nikon-Z.png\"><img decoding=\"async\" width=\"720\" height=\"800\" src=\"https:\/\/mediagear.ee\/wp-content\/uploads\/2025\/12\/LAOWA-7.5mm-T2.9-Zero-D-S35-Cine-Lens-Nikon-Z.png\" class=\"attachment-full size-full\" alt=\"LAOWA 7.5mm T2.9 Zero-D S35 Cine Lens - Nikon Z\" srcset=\"https:\/\/mediagear.ee\/wp-content\/uploads\/2025\/12\/LAOWA-7.5mm-T2.9-Zero-D-S35-Cine-Lens-Nikon-Z.png 720w, https:\/\/mediagear.ee\/wp-content\/uploads\/2025\/12\/LAOWA-7.5mm-T2.9-Zero-D-S35-Cine-Lens-Nikon-Z-270x300.png 270w, https:\/\/mediagear.ee\/wp-content\/uploads\/2025\/12\/LAOWA-7.5mm-T2.9-Zero-D-S35-Cine-Lens-Nikon-Z-350x389.png 350w, https:\/\/mediagear.ee\/wp-content\/uploads\/2025\/12\/LAOWA-7.5mm-T2.9-Zero-D-S35-Cine-Lens-Nikon-Z-315x350.png 315w\" sizes=\"(max-width: 720px) 100vw, 720px\" data-xooWscFly=\"fly\" \/><\/picture><div class=\"product-category\">Laajakuvaobjektiivit<\/div><h2 class=\"woocommerce-loop-product__title\">LAOWA 7.5mm T2.9 Zero-D S35 Cine Lens &#8211; Nikon Z<\/h2><span class=\"price\"><div class=\"price-wrap\"><span class=\"woocommerce-Price-amount amount\"><bdi><span class=\"woocommerce-Price-currencySymbol\" translate=\"no\">&euro;<\/span>&nbsp;703.92<\/bdi><\/span> <\/div><small class=\"woocommerce-price-suffix\"><span class=\"woocommerce-Price-amount amount\"><bdi><span class=\"woocommerce-Price-currencySymbol\" translate=\"no\">&euro;<\/span>&nbsp;872.86<\/bdi><\/span> (sis. alv.)<\/small><\/span><\/a><span class=\"gtm4wp_productdata\" style=\"display:none; visibility:hidden;\" data-gtm4wp_product_data=\"{&quot;internal_id&quot;:325313,&quot;item_id&quot;:&quot;VE7529NZ&quot;,&quot;item_name&quot;:&quot;LAOWA 7.5mm T2.9 Zero-D S35 Cine Lens - Nikon Z&quot;,&quot;sku&quot;:&quot;VE7529NZ&quot;,&quot;price&quot;:703.9199999999999590727384202182292938232421875,&quot;stocklevel&quot;:0,&quot;stockstatus&quot;:&quot;onbackorder&quot;,&quot;google_business_vertical&quot;:&quot;retail&quot;,&quot;item_category&quot;:&quot;Laajakuvaobjektiivit&quot;,&quot;id&quot;:&quot;VE7529NZ&quot;,&quot;productlink&quot;:&quot;https:\\\/\\\/mediagear.ee\\\/fi\\\/tuote\\\/laowa-7-5mm-t2-9-zero-d-s35-cine-lens-nikon-z\\\/&quot;,&quot;item_list_name&quot;:&quot;General Product List&quot;,&quot;index&quot;:2,&quot;product_type&quot;:&quot;simple&quot;,&quot;item_brand&quot;:&quot;&quot;}\"><\/span><div class=\"wishlist-loop-button\"><button class=\"wishlist-toggle-button\"\n                     data-product-id=\"325313\" \n                     title=\"Add to wishlist\"><svg xmlns=\"http:\/\/www.w3.org\/2000\/svg\" width=\"24\" height=\"24\" viewBox=\"0 0 24 24\" fill=\"none\">\n                <path fill-rule=\"evenodd\" clip-rule=\"evenodd\" d=\"M8.272 4.95283C7.174 4.95283 6.077 5.34983 5.241 6.14483C4.441 6.90683 4 7.91783 4 8.99183C4 10.0648 4.441 11.0758 5.241 11.8378L12 18.2698L18.759 11.8378C19.559 11.0758 20 10.0648 20 8.99183C20 7.91883 19.559 6.90683 18.759 6.14483C17.088 4.55483 14.368 4.55483 12.697 6.14483L12 6.80883L11.303 6.14483C10.467 5.34983 9.37 4.95283 8.272 4.95283ZM12 20.9998L3.847 13.2408C2.656 12.1078 2 10.5988 2 8.99183C2 7.38483 2.656 5.87583 3.847 4.74183C6.067 2.62883 9.552 2.43883 12 4.16883C14.448 2.43883 17.933 2.62883 20.153 4.74183C21.344 5.87583 22 7.38483 22 8.99183C22 10.5988 21.344 12.1078 20.153 13.2408L12 20.9998Z\" fill=\"#425A7E\"><\/path>\n              <\/svg><\/button><\/button><\/div><\/li>\n<li class=\"product type-product post-329323 status-publish onbackorder product_cat-wide-angle-lenses-fi has-post-thumbnail taxable shipping-taxable purchasable product-type-simple\">\n\t<a href=\"https:\/\/mediagear.ee\/fi\/tuote\/laowa-12mm-f-2-8-zero-d-lens-sony-fe\/\" class=\"woocommerce-LoopProduct-link woocommerce-loop-product__link\"><picture><source media=\"(max-width:9999px)\" srcset=\"https:\/\/mediagear.ee\/wp-content\/uploads\/bis-images\/329324\/LAOWA-12mm-f2.8-Zero-D-Lens-Sony-FE-300x300.png\"><source media=\"(min-width:10000px)\" srcset=\"https:\/\/mediagear.ee\/wp-content\/uploads\/2025\/12\/LAOWA-12mm-f2.8-Zero-D-Lens-Sony-FE.png\"><img decoding=\"async\" width=\"527\" height=\"800\" src=\"https:\/\/mediagear.ee\/wp-content\/uploads\/2025\/12\/LAOWA-12mm-f2.8-Zero-D-Lens-Sony-FE.png\" class=\"attachment-full size-full\" alt=\"LAOWA 12mm f\/2.8 Zero-D Lens - Sony FE\" srcset=\"https:\/\/mediagear.ee\/wp-content\/uploads\/2025\/12\/LAOWA-12mm-f2.8-Zero-D-Lens-Sony-FE.png 527w, https:\/\/mediagear.ee\/wp-content\/uploads\/2025\/12\/LAOWA-12mm-f2.8-Zero-D-Lens-Sony-FE-198x300.png 198w, https:\/\/mediagear.ee\/wp-content\/uploads\/2025\/12\/LAOWA-12mm-f2.8-Zero-D-Lens-Sony-FE-350x531.png 350w, https:\/\/mediagear.ee\/wp-content\/uploads\/2025\/12\/LAOWA-12mm-f2.8-Zero-D-Lens-Sony-FE-231x350.png 231w\" sizes=\"(max-width: 527px) 100vw, 527px\" data-xooWscFly=\"fly\" \/><\/picture><div class=\"product-category\">Laajakuvaobjektiivit<\/div><h2 class=\"woocommerce-loop-product__title\">LAOWA 12mm f\/2.8 Zero-D Lens &#8211; Sony FE<\/h2><span class=\"price\"><div class=\"price-wrap\"><span class=\"woocommerce-Price-amount amount\"><bdi><span class=\"woocommerce-Price-currencySymbol\" translate=\"no\">&euro;<\/span>&nbsp;903.92<\/bdi><\/span> <\/div><small class=\"woocommerce-price-suffix\"><span class=\"woocommerce-Price-amount amount\"><bdi><span class=\"woocommerce-Price-currencySymbol\" translate=\"no\">&euro;<\/span>&nbsp;1 120.86<\/bdi><\/span> (sis. alv.)<\/small><\/span><\/a><span class=\"gtm4wp_productdata\" style=\"display:none; visibility:hidden;\" data-gtm4wp_product_data=\"{&quot;internal_id&quot;:329323,&quot;item_id&quot;:&quot;VE1228SFE&quot;,&quot;item_name&quot;:&quot;LAOWA 12mm f\\\/2.8 Zero-D Lens - Sony FE&quot;,&quot;sku&quot;:&quot;VE1228SFE&quot;,&quot;price&quot;:903.9199999999999590727384202182292938232421875,&quot;stocklevel&quot;:0,&quot;stockstatus&quot;:&quot;onbackorder&quot;,&quot;google_business_vertical&quot;:&quot;retail&quot;,&quot;item_category&quot;:&quot;Laajakuvaobjektiivit&quot;,&quot;id&quot;:&quot;VE1228SFE&quot;,&quot;productlink&quot;:&quot;https:\\\/\\\/mediagear.ee\\\/fi\\\/tuote\\\/laowa-12mm-f-2-8-zero-d-lens-sony-fe\\\/&quot;,&quot;item_list_name&quot;:&quot;General Product List&quot;,&quot;index&quot;:3,&quot;product_type&quot;:&quot;simple&quot;,&quot;item_brand&quot;:&quot;&quot;}\"><\/span><div class=\"wishlist-loop-button\"><button class=\"wishlist-toggle-button\"\n                     data-product-id=\"329323\" \n                     title=\"Add to wishlist\"><svg xmlns=\"http:\/\/www.w3.org\/2000\/svg\" width=\"24\" height=\"24\" viewBox=\"0 0 24 24\" fill=\"none\">\n                <path fill-rule=\"evenodd\" clip-rule=\"evenodd\" d=\"M8.272 4.95283C7.174 4.95283 6.077 5.34983 5.241 6.14483C4.441 6.90683 4 7.91783 4 8.99183C4 10.0648 4.441 11.0758 5.241 11.8378L12 18.2698L18.759 11.8378C19.559 11.0758 20 10.0648 20 8.99183C20 7.91883 19.559 6.90683 18.759 6.14483C17.088 4.55483 14.368 4.55483 12.697 6.14483L12 6.80883L11.303 6.14483C10.467 5.34983 9.37 4.95283 8.272 4.95283ZM12 20.9998L3.847 13.2408C2.656 12.1078 2 10.5988 2 8.99183C2 7.38483 2.656 5.87583 3.847 4.74183C6.067 2.62883 9.552 2.43883 12 4.16883C14.448 2.43883 17.933 2.62883 20.153 4.74183C21.344 5.87583 22 7.38483 22 8.99183C22 10.5988 21.344 12.1078 20.153 13.2408L12 20.9998Z\" fill=\"#425A7E\"><\/path>\n              <\/svg><\/button><\/button><\/div><\/li>\n<\/ul>\n<\/div>\n\n\n\n<p class=\"wp-block-paragraph\">Laajakulmaa valittaessa on hyv\u00e4 pit\u00e4\u00e4 mieless\u00e4 optiset v\u00e4\u00e4ristym\u00e4t. Tavanomaiset laajakulmaobjektiivit voivat v\u00e4\u00e4rist\u00e4\u00e4 kasvonpiirteit\u00e4, jos kamera tuodaan liian l\u00e4helle kohdetta. Reunav\u00e4\u00e4ristymien v\u00e4ltt\u00e4miseksi kannattaa suosia korjaavalla optiikalla varustettuja ammattiobjektiiveja.<\/p>\n\n\n<div class=\"woocommerce columns-4 \"><ul class=\"products columns-4\">\n<li class=\"product type-product post-327377 status-publish first onbackorder product_cat-zoom-lenses-fi has-post-thumbnail taxable shipping-taxable purchasable product-type-simple\">\n\t<a href=\"https:\/\/mediagear.ee\/fi\/tuote\/laowa-ranger-ff-16-30mm-t2-9-cine-lens-arri-pl-canon-ef\/\" class=\"woocommerce-LoopProduct-link woocommerce-loop-product__link\"><picture><source media=\"(max-width:9999px)\" srcset=\"https:\/\/mediagear.ee\/wp-content\/uploads\/bis-images\/327378\/LAOWA-Ranger-FF-16-30mm-T2.9-Cine-Lens-Arri-PLCanon-EF-300x300.png\"><source media=\"(min-width:10000px)\" srcset=\"https:\/\/mediagear.ee\/wp-content\/uploads\/2025\/12\/LAOWA-Ranger-FF-16-30mm-T2.9-Cine-Lens-Arri-PLCanon-EF.png\"><img decoding=\"async\" width=\"517\" height=\"800\" src=\"https:\/\/mediagear.ee\/wp-content\/uploads\/2025\/12\/LAOWA-Ranger-FF-16-30mm-T2.9-Cine-Lens-Arri-PLCanon-EF.png\" class=\"attachment-full size-full\" alt=\"LAOWA Ranger FF 16-30mm T2.9 Cine Lens- Arri PL\/Canon EF\" srcset=\"https:\/\/mediagear.ee\/wp-content\/uploads\/2025\/12\/LAOWA-Ranger-FF-16-30mm-T2.9-Cine-Lens-Arri-PLCanon-EF.png 517w, https:\/\/mediagear.ee\/wp-content\/uploads\/2025\/12\/LAOWA-Ranger-FF-16-30mm-T2.9-Cine-Lens-Arri-PLCanon-EF-194x300.png 194w, https:\/\/mediagear.ee\/wp-content\/uploads\/2025\/12\/LAOWA-Ranger-FF-16-30mm-T2.9-Cine-Lens-Arri-PLCanon-EF-350x542.png 350w, https:\/\/mediagear.ee\/wp-content\/uploads\/2025\/12\/LAOWA-Ranger-FF-16-30mm-T2.9-Cine-Lens-Arri-PLCanon-EF-226x350.png 226w\" sizes=\"(max-width: 517px) 100vw, 517px\" data-xooWscFly=\"fly\" \/><\/picture><div class=\"product-category\">Zoom-objektiivit<\/div><h2 class=\"woocommerce-loop-product__title\">LAOWA Ranger FF 16-30mm T2.9 Cine Lens- Arri PL\/Canon EF<\/h2><span class=\"price\"><div class=\"price-wrap\"><span class=\"woocommerce-Price-amount amount\"><bdi><span class=\"woocommerce-Price-currencySymbol\" translate=\"no\">&euro;<\/span>&nbsp;3 031.92<\/bdi><\/span> <\/div><small class=\"woocommerce-price-suffix\"><span class=\"woocommerce-Price-amount amount\"><bdi><span class=\"woocommerce-Price-currencySymbol\" translate=\"no\">&euro;<\/span>&nbsp;3 759.58<\/bdi><\/span> (sis. alv.)<\/small><\/span><\/a><span class=\"gtm4wp_productdata\" style=\"display:none; visibility:hidden;\" data-gtm4wp_product_data=\"{&quot;internal_id&quot;:327377,&quot;item_id&quot;:&quot;RAN1630PLEF&quot;,&quot;item_name&quot;:&quot;LAOWA Ranger FF 16-30mm T2.9 Cine Lens- Arri PL\\\/Canon EF&quot;,&quot;sku&quot;:&quot;RAN1630PLEF&quot;,&quot;price&quot;:3031.920000000000072759576141834259033203125,&quot;stocklevel&quot;:0,&quot;stockstatus&quot;:&quot;onbackorder&quot;,&quot;google_business_vertical&quot;:&quot;retail&quot;,&quot;item_category&quot;:&quot;Zoom-objektiivit&quot;,&quot;id&quot;:&quot;RAN1630PLEF&quot;,&quot;productlink&quot;:&quot;https:\\\/\\\/mediagear.ee\\\/fi\\\/tuote\\\/laowa-ranger-ff-16-30mm-t2-9-cine-lens-arri-pl-canon-ef\\\/&quot;,&quot;item_list_name&quot;:&quot;General Product List&quot;,&quot;index&quot;:1,&quot;product_type&quot;:&quot;simple&quot;,&quot;item_brand&quot;:&quot;&quot;}\"><\/span><div class=\"wishlist-loop-button\"><button class=\"wishlist-toggle-button\"\n                     data-product-id=\"327377\" \n                     title=\"Add to wishlist\"><svg xmlns=\"http:\/\/www.w3.org\/2000\/svg\" width=\"24\" height=\"24\" viewBox=\"0 0 24 24\" fill=\"none\">\n                <path fill-rule=\"evenodd\" clip-rule=\"evenodd\" d=\"M8.272 4.95283C7.174 4.95283 6.077 5.34983 5.241 6.14483C4.441 6.90683 4 7.91783 4 8.99183C4 10.0648 4.441 11.0758 5.241 11.8378L12 18.2698L18.759 11.8378C19.559 11.0758 20 10.0648 20 8.99183C20 7.91883 19.559 6.90683 18.759 6.14483C17.088 4.55483 14.368 4.55483 12.697 6.14483L12 6.80883L11.303 6.14483C10.467 5.34983 9.37 4.95283 8.272 4.95283ZM12 20.9998L3.847 13.2408C2.656 12.1078 2 10.5988 2 8.99183C2 7.38483 2.656 5.87583 3.847 4.74183C6.067 2.62883 9.552 2.43883 12 4.16883C14.448 2.43883 17.933 2.62883 20.153 4.74183C21.344 5.87583 22 7.38483 22 8.99183C22 10.5988 21.344 12.1078 20.153 13.2408L12 20.9998Z\" fill=\"#425A7E\"><\/path>\n              <\/svg><\/button><\/button><\/div><\/li>\n<li class=\"product type-product post-274729 status-publish onbackorder product_cat-wide-angle-lenses-fi has-post-thumbnail taxable shipping-taxable purchasable product-type-simple\">\n\t<a href=\"https:\/\/mediagear.ee\/fi\/tuote\/tokina-vista-18mm-t15-cinema-pl\/\" class=\"woocommerce-LoopProduct-link woocommerce-loop-product__link\"><picture><source media=\"(max-width:9999px)\" srcset=\"https:\/\/mediagear.ee\/wp-content\/uploads\/bis-images\/274730\/TOKINA-Vista-18mm-T15-Cinema-PL-300x300.png\"><source media=\"(min-width:10000px)\" srcset=\"https:\/\/mediagear.ee\/wp-content\/uploads\/2025\/07\/TOKINA-Vista-18mm-T15-Cinema-PL.png\"><img decoding=\"async\" width=\"499\" height=\"800\" src=\"https:\/\/mediagear.ee\/wp-content\/uploads\/2025\/07\/TOKINA-Vista-18mm-T15-Cinema-PL.png\" class=\"attachment-full size-full\" alt=\"TOKINA Vista 18mm T1,5 Cinema PL\" srcset=\"https:\/\/mediagear.ee\/wp-content\/uploads\/2025\/07\/TOKINA-Vista-18mm-T15-Cinema-PL.png 499w, https:\/\/mediagear.ee\/wp-content\/uploads\/2025\/07\/TOKINA-Vista-18mm-T15-Cinema-PL-187x300.png 187w, https:\/\/mediagear.ee\/wp-content\/uploads\/2025\/07\/TOKINA-Vista-18mm-T15-Cinema-PL-350x561.png 350w, https:\/\/mediagear.ee\/wp-content\/uploads\/2025\/07\/TOKINA-Vista-18mm-T15-Cinema-PL-218x350.png 218w\" sizes=\"(max-width: 499px) 100vw, 499px\" data-xooWscFly=\"fly\" \/><\/picture><div class=\"product-category\">Laajakuvaobjektiivit<\/div><h2 class=\"woocommerce-loop-product__title\">TOKINA Vista 18mm T1,5 Cinema PL<\/h2><span class=\"price\"><div class=\"price-wrap\"><span class=\"woocommerce-Price-amount amount\"><bdi><span class=\"woocommerce-Price-currencySymbol\" translate=\"no\">&euro;<\/span>&nbsp;4 815.92<\/bdi><\/span> <\/div><small class=\"woocommerce-price-suffix\"><span class=\"woocommerce-Price-amount amount\"><bdi><span class=\"woocommerce-Price-currencySymbol\" translate=\"no\">&euro;<\/span>&nbsp;5 971.74<\/bdi><\/span> (sis. alv.)<\/small><\/span><\/a><span class=\"gtm4wp_productdata\" style=\"display:none; visibility:hidden;\" data-gtm4wp_product_data=\"{&quot;internal_id&quot;:274729,&quot;item_id&quot;:&quot;KPC-3004PL-M&quot;,&quot;item_name&quot;:&quot;TOKINA Vista 18mm T1,5 Cinema PL&quot;,&quot;sku&quot;:&quot;KPC-3004PL-M&quot;,&quot;price&quot;:4815.920000000000072759576141834259033203125,&quot;stocklevel&quot;:0,&quot;stockstatus&quot;:&quot;onbackorder&quot;,&quot;google_business_vertical&quot;:&quot;retail&quot;,&quot;item_category&quot;:&quot;Laajakuvaobjektiivit&quot;,&quot;id&quot;:&quot;KPC-3004PL-M&quot;,&quot;productlink&quot;:&quot;https:\\\/\\\/mediagear.ee\\\/fi\\\/tuote\\\/tokina-vista-18mm-t15-cinema-pl\\\/&quot;,&quot;item_list_name&quot;:&quot;General Product List&quot;,&quot;index&quot;:2,&quot;product_type&quot;:&quot;simple&quot;,&quot;item_brand&quot;:&quot;&quot;}\"><\/span><div class=\"wishlist-loop-button\"><button class=\"wishlist-toggle-button\"\n                     data-product-id=\"274729\" \n                     title=\"Add to wishlist\"><svg xmlns=\"http:\/\/www.w3.org\/2000\/svg\" width=\"24\" height=\"24\" viewBox=\"0 0 24 24\" fill=\"none\">\n                <path fill-rule=\"evenodd\" clip-rule=\"evenodd\" d=\"M8.272 4.95283C7.174 4.95283 6.077 5.34983 5.241 6.14483C4.441 6.90683 4 7.91783 4 8.99183C4 10.0648 4.441 11.0758 5.241 11.8378L12 18.2698L18.759 11.8378C19.559 11.0758 20 10.0648 20 8.99183C20 7.91883 19.559 6.90683 18.759 6.14483C17.088 4.55483 14.368 4.55483 12.697 6.14483L12 6.80883L11.303 6.14483C10.467 5.34983 9.37 4.95283 8.272 4.95283ZM12 20.9998L3.847 13.2408C2.656 12.1078 2 10.5988 2 8.99183C2 7.38483 2.656 5.87583 3.847 4.74183C6.067 2.62883 9.552 2.43883 12 4.16883C14.448 2.43883 17.933 2.62883 20.153 4.74183C21.344 5.87583 22 7.38483 22 8.99183C22 10.5988 21.344 12.1078 20.153 13.2408L12 20.9998Z\" fill=\"#425A7E\"><\/path>\n              <\/svg><\/button><\/button><\/div><\/li>\n<\/ul>\n<\/div>\n\n\n\n<p class=\"wp-block-paragraph\">Jos kuvaat dynaamista sis\u00e4lt\u00f6\u00e4 tai tilanteita ilman k\u00e4sikirjoitusta, kiinte\u00e4polttov\u00e4listen laajakulmien rinnalla monik\u00e4ytt\u00f6iset <a href=\"https:\/\/mediagear.ee\/fi\/tuote-osasto\/lenses-fi\/zoom-lenses-fi\/\">zoom-objektiivit<\/a> mahdollistavat nopeat siirtym\u00e4t yleiskuvista puolil\u00e4hikuviin.<\/p>\n\n\n\n<h2 class=\"wp-block-heading\">Teleobjektiivien k\u00e4ytt\u00f6 videotuotannossa<\/h2>\n\n\n\n<p class=\"wp-block-paragraph\">Teleobjektiivit loistavat silloin, kun halutaan vangita tunteita, erottaa kohde taustastaan tai kuvata tapahtumia kauempaa. Ne ovat vakiovalinta haastatteluihin, urheilukuvaukseen, luontodokumentteihin ja suoriin tapahtumal\u00e4hetyksiin.<\/p>\n\n\n\n<figure><img decoding=\"async\" src=\"https:\/\/mediagear.ee\/wp-content\/uploads\/2026\/09\/cinema-camera-tripod-5c9099-a4f44c8b294f.webp\" alt=\"Haastattelukuvaus teleobjektiivilla\" \/><\/figure>\n\n\n\n<p class=\"wp-block-paragraph\">Pidemm\u00e4t polttov\u00e4lit (tyypillisesti 85\u2013135 mm) toistavat kasvonpiirteet luonnollisesti ja edustavasti. Kapeampi kuvakulma helpottaa my\u00f6s taustan hallintaa, sill\u00e4 sekavan taustaelementin saa helposti rajattua kuvan ulkopuolelle.<\/p>\n\n\n<div class=\"woocommerce columns-4 \"><ul class=\"products columns-4\">\n<li class=\"product type-product post-272646 status-publish first onbackorder product_cat-autofocus-lenses-fi product_cat-fixed-lenses-fi has-post-thumbnail taxable shipping-taxable purchasable product-type-simple\">\n\t<a href=\"https:\/\/mediagear.ee\/fi\/tuote\/samyang-v-af-100mm-t2-3-sony-fe\/\" class=\"woocommerce-LoopProduct-link woocommerce-loop-product__link\"><picture><source media=\"(max-width:9999px)\" srcset=\"https:\/\/mediagear.ee\/wp-content\/uploads\/bis-images\/272647\/SAMYANG-V-AF-100mm-T2.3-Sony-FE-300x300.png\"><source media=\"(min-width:10000px)\" srcset=\"https:\/\/mediagear.ee\/wp-content\/uploads\/2025\/08\/SAMYANG-V-AF-100mm-T2.3-Sony-FE.png\"><img decoding=\"async\" width=\"636\" height=\"800\" src=\"https:\/\/mediagear.ee\/wp-content\/uploads\/2025\/08\/SAMYANG-V-AF-100mm-T2.3-Sony-FE.png\" class=\"attachment-full size-full\" alt=\"SAMYANG V-AF 100mm T2.3 Sony FE\" srcset=\"https:\/\/mediagear.ee\/wp-content\/uploads\/2025\/08\/SAMYANG-V-AF-100mm-T2.3-Sony-FE.png 636w, https:\/\/mediagear.ee\/wp-content\/uploads\/2025\/08\/SAMYANG-V-AF-100mm-T2.3-Sony-FE-239x300.png 239w, https:\/\/mediagear.ee\/wp-content\/uploads\/2025\/08\/SAMYANG-V-AF-100mm-T2.3-Sony-FE-350x440.png 350w, https:\/\/mediagear.ee\/wp-content\/uploads\/2025\/08\/SAMYANG-V-AF-100mm-T2.3-Sony-FE-278x350.png 278w, https:\/\/mediagear.ee\/wp-content\/uploads\/2025\/08\/SAMYANG-V-AF-100mm-T2.3-Sony-FE-600x755.png 600w\" sizes=\"(max-width: 636px) 100vw, 636px\" data-xooWscFly=\"fly\" \/><\/picture><div class=\"product-category\">Autofocus objektiivit, Fix-objektiivit<\/div><h2 class=\"woocommerce-loop-product__title\">SAMYANG V-AF 100mm T2.3 Sony FE<\/h2><span class=\"price\"><div class=\"price-wrap\"><span class=\"woocommerce-Price-amount amount\"><bdi><span class=\"woocommerce-Price-currencySymbol\" translate=\"no\">&euro;<\/span>&nbsp;455.92<\/bdi><\/span> <\/div><small class=\"woocommerce-price-suffix\"><span class=\"woocommerce-Price-amount amount\"><bdi><span class=\"woocommerce-Price-currencySymbol\" translate=\"no\">&euro;<\/span>&nbsp;565.34<\/bdi><\/span> (sis. alv.)<\/small><\/span><\/a><span class=\"gtm4wp_productdata\" style=\"display:none; visibility:hidden;\" data-gtm4wp_product_data=\"{&quot;internal_id&quot;:272646,&quot;item_id&quot;:&quot;F1215606101&quot;,&quot;item_name&quot;:&quot;SAMYANG V-AF 100mm T2.3 Sony FE&quot;,&quot;sku&quot;:&quot;F1215606101&quot;,&quot;price&quot;:455.92000000000001591615728102624416351318359375,&quot;stocklevel&quot;:0,&quot;stockstatus&quot;:&quot;onbackorder&quot;,&quot;google_business_vertical&quot;:&quot;retail&quot;,&quot;item_category&quot;:&quot;Autofocus objektiivit&quot;,&quot;id&quot;:&quot;F1215606101&quot;,&quot;productlink&quot;:&quot;https:\\\/\\\/mediagear.ee\\\/fi\\\/tuote\\\/samyang-v-af-100mm-t2-3-sony-fe\\\/&quot;,&quot;item_list_name&quot;:&quot;General Product List&quot;,&quot;index&quot;:1,&quot;product_type&quot;:&quot;simple&quot;,&quot;item_brand&quot;:&quot;&quot;}\"><\/span><div class=\"wishlist-loop-button\"><button class=\"wishlist-toggle-button\"\n                     data-product-id=\"272646\" \n                     title=\"Add to wishlist\"><svg xmlns=\"http:\/\/www.w3.org\/2000\/svg\" width=\"24\" height=\"24\" viewBox=\"0 0 24 24\" fill=\"none\">\n                <path fill-rule=\"evenodd\" clip-rule=\"evenodd\" d=\"M8.272 4.95283C7.174 4.95283 6.077 5.34983 5.241 6.14483C4.441 6.90683 4 7.91783 4 8.99183C4 10.0648 4.441 11.0758 5.241 11.8378L12 18.2698L18.759 11.8378C19.559 11.0758 20 10.0648 20 8.99183C20 7.91883 19.559 6.90683 18.759 6.14483C17.088 4.55483 14.368 4.55483 12.697 6.14483L12 6.80883L11.303 6.14483C10.467 5.34983 9.37 4.95283 8.272 4.95283ZM12 20.9998L3.847 13.2408C2.656 12.1078 2 10.5988 2 8.99183C2 7.38483 2.656 5.87583 3.847 4.74183C6.067 2.62883 9.552 2.43883 12 4.16883C14.448 2.43883 17.933 2.62883 20.153 4.74183C21.344 5.87583 22 7.38483 22 8.99183C22 10.5988 21.344 12.1078 20.153 13.2408L12 20.9998Z\" fill=\"#425A7E\"><\/path>\n              <\/svg><\/button><\/button><\/div><\/li>\n<li class=\"product type-product post-272750 status-publish onbackorder product_cat-fixed-lenses-fi has-post-thumbnail taxable shipping-taxable purchasable product-type-simple\">\n\t<a href=\"https:\/\/mediagear.ee\/fi\/tuote\/samyang-85mm-t1-5-vdslr-mk2-canon-ef\/\" class=\"woocommerce-LoopProduct-link woocommerce-loop-product__link\"><picture><source media=\"(max-width:9999px)\" srcset=\"https:\/\/mediagear.ee\/wp-content\/uploads\/bis-images\/272751\/SAMYANG-85mm-T1.5-VDSLR-MK2-Canon-EF-300x300.png\"><source media=\"(min-width:10000px)\" srcset=\"https:\/\/mediagear.ee\/wp-content\/uploads\/2025\/08\/SAMYANG-85mm-T1.5-VDSLR-MK2-Canon-EF.png\"><img decoding=\"async\" width=\"800\" height=\"749\" src=\"https:\/\/mediagear.ee\/wp-content\/uploads\/2025\/08\/SAMYANG-85mm-T1.5-VDSLR-MK2-Canon-EF.png\" class=\"attachment-full size-full\" alt=\"SAMYANG 85mm T1.5 VDSLR MK2 Canon EF\" srcset=\"https:\/\/mediagear.ee\/wp-content\/uploads\/2025\/08\/SAMYANG-85mm-T1.5-VDSLR-MK2-Canon-EF.png 800w, https:\/\/mediagear.ee\/wp-content\/uploads\/2025\/08\/SAMYANG-85mm-T1.5-VDSLR-MK2-Canon-EF-300x281.png 300w, https:\/\/mediagear.ee\/wp-content\/uploads\/2025\/08\/SAMYANG-85mm-T1.5-VDSLR-MK2-Canon-EF-768x719.png 768w, https:\/\/mediagear.ee\/wp-content\/uploads\/2025\/08\/SAMYANG-85mm-T1.5-VDSLR-MK2-Canon-EF-350x328.png 350w, https:\/\/mediagear.ee\/wp-content\/uploads\/2025\/08\/SAMYANG-85mm-T1.5-VDSLR-MK2-Canon-EF-374x350.png 374w, https:\/\/mediagear.ee\/wp-content\/uploads\/2025\/08\/SAMYANG-85mm-T1.5-VDSLR-MK2-Canon-EF-600x562.png 600w\" sizes=\"(max-width: 800px) 100vw, 800px\" data-xooWscFly=\"fly\" \/><\/picture><div class=\"product-category\">Fix-objektiivit<\/div><h2 class=\"woocommerce-loop-product__title\">SAMYANG 85mm T1.5 VDSLR MK2 Canon EF<\/h2><span class=\"price\"><div class=\"price-wrap\"><span class=\"woocommerce-Price-amount amount\"><bdi><span class=\"woocommerce-Price-currencySymbol\" translate=\"no\">&euro;<\/span>&nbsp;335.92<\/bdi><\/span> <\/div><small class=\"woocommerce-price-suffix\"><span class=\"woocommerce-Price-amount amount\"><bdi><span class=\"woocommerce-Price-currencySymbol\" translate=\"no\">&euro;<\/span>&nbsp;416.54<\/bdi><\/span> (sis. alv.)<\/small><\/span><\/a><span class=\"gtm4wp_productdata\" style=\"display:none; visibility:hidden;\" data-gtm4wp_product_data=\"{&quot;internal_id&quot;:272750,&quot;item_id&quot;:&quot;F1311201102&quot;,&quot;item_name&quot;:&quot;SAMYANG 85mm T1.5 VDSLR MK2 Canon EF&quot;,&quot;sku&quot;:&quot;F1311201102&quot;,&quot;price&quot;:335.92000000000001591615728102624416351318359375,&quot;stocklevel&quot;:0,&quot;stockstatus&quot;:&quot;onbackorder&quot;,&quot;google_business_vertical&quot;:&quot;retail&quot;,&quot;item_category&quot;:&quot;Fix-objektiivit&quot;,&quot;id&quot;:&quot;F1311201102&quot;,&quot;productlink&quot;:&quot;https:\\\/\\\/mediagear.ee\\\/fi\\\/tuote\\\/samyang-85mm-t1-5-vdslr-mk2-canon-ef\\\/&quot;,&quot;item_list_name&quot;:&quot;General Product List&quot;,&quot;index&quot;:2,&quot;product_type&quot;:&quot;simple&quot;,&quot;item_brand&quot;:&quot;&quot;}\"><\/span><div class=\"wishlist-loop-button\"><button class=\"wishlist-toggle-button\"\n                     data-product-id=\"272750\" \n                     title=\"Add to wishlist\"><svg xmlns=\"http:\/\/www.w3.org\/2000\/svg\" width=\"24\" height=\"24\" viewBox=\"0 0 24 24\" fill=\"none\">\n                <path fill-rule=\"evenodd\" clip-rule=\"evenodd\" d=\"M8.272 4.95283C7.174 4.95283 6.077 5.34983 5.241 6.14483C4.441 6.90683 4 7.91783 4 8.99183C4 10.0648 4.441 11.0758 5.241 11.8378L12 18.2698L18.759 11.8378C19.559 11.0758 20 10.0648 20 8.99183C20 7.91883 19.559 6.90683 18.759 6.14483C17.088 4.55483 14.368 4.55483 12.697 6.14483L12 6.80883L11.303 6.14483C10.467 5.34983 9.37 4.95283 8.272 4.95283ZM12 20.9998L3.847 13.2408C2.656 12.1078 2 10.5988 2 8.99183C2 7.38483 2.656 5.87583 3.847 4.74183C6.067 2.62883 9.552 2.43883 12 4.16883C14.448 2.43883 17.933 2.62883 20.153 4.74183C21.344 5.87583 22 7.38483 22 8.99183C22 10.5988 21.344 12.1078 20.153 13.2408L12 20.9998Z\" fill=\"#425A7E\"><\/path>\n              <\/svg><\/button><\/button><\/div><\/li>\n<li class=\"product type-product post-274737 status-publish onbackorder product_cat-fixed-lenses-fi has-post-thumbnail taxable shipping-taxable purchasable product-type-simple\">\n\t<a href=\"https:\/\/mediagear.ee\/fi\/tuote\/tokina-vista-105mm-t15-cinema-pl\/\" class=\"woocommerce-LoopProduct-link woocommerce-loop-product__link\"><picture><source media=\"(max-width:9999px)\" srcset=\"https:\/\/mediagear.ee\/wp-content\/uploads\/bis-images\/274738\/TOKINA-Vista-105mm-T15-Cinema-PL-300x300.png\"><source media=\"(min-width:10000px)\" srcset=\"https:\/\/mediagear.ee\/wp-content\/uploads\/2025\/07\/TOKINA-Vista-105mm-T15-Cinema-PL.png\"><img decoding=\"async\" width=\"556\" height=\"800\" src=\"https:\/\/mediagear.ee\/wp-content\/uploads\/2025\/07\/TOKINA-Vista-105mm-T15-Cinema-PL.png\" class=\"attachment-full size-full\" alt=\"TOKINA Vista 105mm T1,5 Cinema PL\" srcset=\"https:\/\/mediagear.ee\/wp-content\/uploads\/2025\/07\/TOKINA-Vista-105mm-T15-Cinema-PL.png 556w, https:\/\/mediagear.ee\/wp-content\/uploads\/2025\/07\/TOKINA-Vista-105mm-T15-Cinema-PL-209x300.png 209w, https:\/\/mediagear.ee\/wp-content\/uploads\/2025\/07\/TOKINA-Vista-105mm-T15-Cinema-PL-350x504.png 350w, https:\/\/mediagear.ee\/wp-content\/uploads\/2025\/07\/TOKINA-Vista-105mm-T15-Cinema-PL-243x350.png 243w\" sizes=\"(max-width: 556px) 100vw, 556px\" data-xooWscFly=\"fly\" \/><\/picture><div class=\"product-category\">Fix-objektiivit<\/div><h2 class=\"woocommerce-loop-product__title\">TOKINA Vista 105mm T1,5 Cinema PL<\/h2><span class=\"price\"><div class=\"price-wrap\"><span class=\"woocommerce-Price-amount amount\"><bdi><span class=\"woocommerce-Price-currencySymbol\" translate=\"no\">&euro;<\/span>&nbsp;4 815.92<\/bdi><\/span> <\/div><small class=\"woocommerce-price-suffix\"><span class=\"woocommerce-Price-amount amount\"><bdi><span class=\"woocommerce-Price-currencySymbol\" translate=\"no\">&euro;<\/span>&nbsp;5 971.74<\/bdi><\/span> (sis. alv.)<\/small><\/span><\/a><span class=\"gtm4wp_productdata\" style=\"display:none; visibility:hidden;\" data-gtm4wp_product_data=\"{&quot;internal_id&quot;:274737,&quot;item_id&quot;:&quot;KPC-3006PL-M&quot;,&quot;item_name&quot;:&quot;TOKINA Vista 105mm T1,5 Cinema PL&quot;,&quot;sku&quot;:&quot;KPC-3006PL-M&quot;,&quot;price&quot;:4815.920000000000072759576141834259033203125,&quot;stocklevel&quot;:0,&quot;stockstatus&quot;:&quot;onbackorder&quot;,&quot;google_business_vertical&quot;:&quot;retail&quot;,&quot;item_category&quot;:&quot;Fix-objektiivit&quot;,&quot;id&quot;:&quot;KPC-3006PL-M&quot;,&quot;productlink&quot;:&quot;https:\\\/\\\/mediagear.ee\\\/fi\\\/tuote\\\/tokina-vista-105mm-t15-cinema-pl\\\/&quot;,&quot;item_list_name&quot;:&quot;General Product List&quot;,&quot;index&quot;:3,&quot;product_type&quot;:&quot;simple&quot;,&quot;item_brand&quot;:&quot;&quot;}\"><\/span><div class=\"wishlist-loop-button\"><button class=\"wishlist-toggle-button\"\n                     data-product-id=\"274737\" \n                     title=\"Add to wishlist\"><svg xmlns=\"http:\/\/www.w3.org\/2000\/svg\" width=\"24\" height=\"24\" viewBox=\"0 0 24 24\" fill=\"none\">\n                <path fill-rule=\"evenodd\" clip-rule=\"evenodd\" d=\"M8.272 4.95283C7.174 4.95283 6.077 5.34983 5.241 6.14483C4.441 6.90683 4 7.91783 4 8.99183C4 10.0648 4.441 11.0758 5.241 11.8378L12 18.2698L18.759 11.8378C19.559 11.0758 20 10.0648 20 8.99183C20 7.91883 19.559 6.90683 18.759 6.14483C17.088 4.55483 14.368 4.55483 12.697 6.14483L12 6.80883L11.303 6.14483C10.467 5.34983 9.37 4.95283 8.272 4.95283ZM12 20.9998L3.847 13.2408C2.656 12.1078 2 10.5988 2 8.99183C2 7.38483 2.656 5.87583 3.847 4.74183C6.067 2.62883 9.552 2.43883 12 4.16883C14.448 2.43883 17.933 2.62883 20.153 4.74183C21.344 5.87583 22 7.38483 22 8.99183C22 10.5988 21.344 12.1078 20.153 13.2408L12 20.9998Z\" fill=\"#425A7E\"><\/path>\n              <\/svg><\/button><\/button><\/div><\/li>\n<\/ul>\n<\/div>\n\n\n\n<p class=\"wp-block-paragraph\">Teleoptiikka vaatii tarkkaa tarkennuksen hallintaa. Koska syv\u00e4ter\u00e4vyysalue on eritt\u00e4in kapea, langaton follow focus -j\u00e4rjestelm\u00e4 tai erillinen tarkentaja (focus puller) on v\u00e4ltt\u00e4m\u00e4t\u00f6n liikkumaan joutuvien kohteiden kanssa.<\/p>\n\n\n<div class=\"woocommerce columns-4 \"><ul class=\"products columns-4\">\n<li class=\"product type-product post-272666 status-publish first onbackorder product_cat-fixed-lenses-fi has-post-thumbnail taxable shipping-taxable purchasable product-type-simple\">\n\t<a href=\"https:\/\/mediagear.ee\/fi\/tuote\/samyang-135mm-t2-2-vdslr-mk2-canon-rf\/\" class=\"woocommerce-LoopProduct-link woocommerce-loop-product__link\"><picture><source media=\"(max-width:9999px)\" srcset=\"https:\/\/mediagear.ee\/wp-content\/uploads\/bis-images\/272667\/SAMYANG-135mm-T2.2-VDSLR-MK2-Canon-RF-300x300.png\"><source media=\"(min-width:10000px)\" srcset=\"https:\/\/mediagear.ee\/wp-content\/uploads\/2025\/08\/SAMYANG-135mm-T2.2-VDSLR-MK2-Canon-RF.png\"><img decoding=\"async\" width=\"401\" height=\"800\" src=\"https:\/\/mediagear.ee\/wp-content\/uploads\/2025\/08\/SAMYANG-135mm-T2.2-VDSLR-MK2-Canon-RF.png\" class=\"attachment-full size-full\" alt=\"SAMYANG 135mm T2.2 VDSLR MK2 Canon RF\" srcset=\"https:\/\/mediagear.ee\/wp-content\/uploads\/2025\/08\/SAMYANG-135mm-T2.2-VDSLR-MK2-Canon-RF.png 401w, https:\/\/mediagear.ee\/wp-content\/uploads\/2025\/08\/SAMYANG-135mm-T2.2-VDSLR-MK2-Canon-RF-150x300.png 150w, https:\/\/mediagear.ee\/wp-content\/uploads\/2025\/08\/SAMYANG-135mm-T2.2-VDSLR-MK2-Canon-RF-350x698.png 350w, https:\/\/mediagear.ee\/wp-content\/uploads\/2025\/08\/SAMYANG-135mm-T2.2-VDSLR-MK2-Canon-RF-175x350.png 175w\" sizes=\"(max-width: 401px) 100vw, 401px\" data-xooWscFly=\"fly\" \/><\/picture><div class=\"product-category\">Fix-objektiivit<\/div><h2 class=\"woocommerce-loop-product__title\">SAMYANG 135mm T2.2 VDSLR MK2 Canon RF<\/h2><span class=\"price\"><div class=\"price-wrap\"><span class=\"woocommerce-Price-amount amount\"><bdi><span class=\"woocommerce-Price-currencySymbol\" translate=\"no\">&euro;<\/span>&nbsp;487.92<\/bdi><\/span> <\/div><small class=\"woocommerce-price-suffix\"><span class=\"woocommerce-Price-amount amount\"><bdi><span class=\"woocommerce-Price-currencySymbol\" translate=\"no\">&euro;<\/span>&nbsp;605.02<\/bdi><\/span> (sis. alv.)<\/small><\/span><\/a><span class=\"gtm4wp_productdata\" style=\"display:none; visibility:hidden;\" data-gtm4wp_product_data=\"{&quot;internal_id&quot;:272666,&quot;item_id&quot;:&quot;F1315213101&quot;,&quot;item_name&quot;:&quot;SAMYANG 135mm T2.2 VDSLR MK2 Canon RF&quot;,&quot;sku&quot;:&quot;F1315213101&quot;,&quot;price&quot;:487.92000000000001591615728102624416351318359375,&quot;stocklevel&quot;:0,&quot;stockstatus&quot;:&quot;onbackorder&quot;,&quot;google_business_vertical&quot;:&quot;retail&quot;,&quot;item_category&quot;:&quot;Fix-objektiivit&quot;,&quot;id&quot;:&quot;F1315213101&quot;,&quot;productlink&quot;:&quot;https:\\\/\\\/mediagear.ee\\\/fi\\\/tuote\\\/samyang-135mm-t2-2-vdslr-mk2-canon-rf\\\/&quot;,&quot;item_list_name&quot;:&quot;General Product List&quot;,&quot;index&quot;:1,&quot;product_type&quot;:&quot;simple&quot;,&quot;item_brand&quot;:&quot;&quot;}\"><\/span><div class=\"wishlist-loop-button\"><button class=\"wishlist-toggle-button\"\n                     data-product-id=\"272666\" \n                     title=\"Add to wishlist\"><svg xmlns=\"http:\/\/www.w3.org\/2000\/svg\" width=\"24\" height=\"24\" viewBox=\"0 0 24 24\" fill=\"none\">\n                <path fill-rule=\"evenodd\" clip-rule=\"evenodd\" d=\"M8.272 4.95283C7.174 4.95283 6.077 5.34983 5.241 6.14483C4.441 6.90683 4 7.91783 4 8.99183C4 10.0648 4.441 11.0758 5.241 11.8378L12 18.2698L18.759 11.8378C19.559 11.0758 20 10.0648 20 8.99183C20 7.91883 19.559 6.90683 18.759 6.14483C17.088 4.55483 14.368 4.55483 12.697 6.14483L12 6.80883L11.303 6.14483C10.467 5.34983 9.37 4.95283 8.272 4.95283ZM12 20.9998L3.847 13.2408C2.656 12.1078 2 10.5988 2 8.99183C2 7.38483 2.656 5.87583 3.847 4.74183C6.067 2.62883 9.552 2.43883 12 4.16883C14.448 2.43883 17.933 2.62883 20.153 4.74183C21.344 5.87583 22 7.38483 22 8.99183C22 10.5988 21.344 12.1078 20.153 13.2408L12 20.9998Z\" fill=\"#425A7E\"><\/path>\n              <\/svg><\/button><\/button><\/div><\/li>\n<li class=\"product type-product post-274739 status-publish onbackorder product_cat-fixed-lenses-fi has-post-thumbnail taxable shipping-taxable purchasable product-type-simple\">\n\t<a href=\"https:\/\/mediagear.ee\/fi\/tuote\/tokina-vista-135mm-t15-cinema-pl\/\" class=\"woocommerce-LoopProduct-link woocommerce-loop-product__link\"><picture><source media=\"(max-width:9999px)\" srcset=\"https:\/\/mediagear.ee\/wp-content\/uploads\/bis-images\/274740\/TOKINA-Vista-135mm-T15-Cinema-PL-300x300.png\"><source media=\"(min-width:10000px)\" srcset=\"https:\/\/mediagear.ee\/wp-content\/uploads\/2025\/07\/TOKINA-Vista-135mm-T15-Cinema-PL.png\"><img decoding=\"async\" width=\"531\" height=\"800\" src=\"https:\/\/mediagear.ee\/wp-content\/uploads\/2025\/07\/TOKINA-Vista-135mm-T15-Cinema-PL.png\" class=\"attachment-full size-full\" alt=\"TOKINA Vista 135mm T1,5 Cinema PL\" srcset=\"https:\/\/mediagear.ee\/wp-content\/uploads\/2025\/07\/TOKINA-Vista-135mm-T15-Cinema-PL.png 531w, https:\/\/mediagear.ee\/wp-content\/uploads\/2025\/07\/TOKINA-Vista-135mm-T15-Cinema-PL-199x300.png 199w, https:\/\/mediagear.ee\/wp-content\/uploads\/2025\/07\/TOKINA-Vista-135mm-T15-Cinema-PL-350x527.png 350w, https:\/\/mediagear.ee\/wp-content\/uploads\/2025\/07\/TOKINA-Vista-135mm-T15-Cinema-PL-232x350.png 232w\" sizes=\"(max-width: 531px) 100vw, 531px\" data-xooWscFly=\"fly\" \/><\/picture><div class=\"product-category\">Fix-objektiivit<\/div><h2 class=\"woocommerce-loop-product__title\">TOKINA Vista 135mm T1,5 Cinema PL<\/h2><span class=\"price\"><div class=\"price-wrap\"><span class=\"woocommerce-Price-amount amount\"><bdi><span class=\"woocommerce-Price-currencySymbol\" translate=\"no\">&euro;<\/span>&nbsp;5 295.92<\/bdi><\/span> <\/div><small class=\"woocommerce-price-suffix\"><span class=\"woocommerce-Price-amount amount\"><bdi><span class=\"woocommerce-Price-currencySymbol\" translate=\"no\">&euro;<\/span>&nbsp;6 566.94<\/bdi><\/span> (sis. alv.)<\/small><\/span><\/a><span class=\"gtm4wp_productdata\" style=\"display:none; visibility:hidden;\" data-gtm4wp_product_data=\"{&quot;internal_id&quot;:274739,&quot;item_id&quot;:&quot;KPC-3010PL-M&quot;,&quot;item_name&quot;:&quot;TOKINA Vista 135mm T1,5 Cinema PL&quot;,&quot;sku&quot;:&quot;KPC-3010PL-M&quot;,&quot;price&quot;:5295.920000000000072759576141834259033203125,&quot;stocklevel&quot;:0,&quot;stockstatus&quot;:&quot;onbackorder&quot;,&quot;google_business_vertical&quot;:&quot;retail&quot;,&quot;item_category&quot;:&quot;Fix-objektiivit&quot;,&quot;id&quot;:&quot;KPC-3010PL-M&quot;,&quot;productlink&quot;:&quot;https:\\\/\\\/mediagear.ee\\\/fi\\\/tuote\\\/tokina-vista-135mm-t15-cinema-pl\\\/&quot;,&quot;item_list_name&quot;:&quot;General Product List&quot;,&quot;index&quot;:2,&quot;product_type&quot;:&quot;simple&quot;,&quot;item_brand&quot;:&quot;&quot;}\"><\/span><div class=\"wishlist-loop-button\"><button class=\"wishlist-toggle-button\"\n                     data-product-id=\"274739\" \n                     title=\"Add to wishlist\"><svg xmlns=\"http:\/\/www.w3.org\/2000\/svg\" width=\"24\" height=\"24\" viewBox=\"0 0 24 24\" fill=\"none\">\n                <path fill-rule=\"evenodd\" clip-rule=\"evenodd\" d=\"M8.272 4.95283C7.174 4.95283 6.077 5.34983 5.241 6.14483C4.441 6.90683 4 7.91783 4 8.99183C4 10.0648 4.441 11.0758 5.241 11.8378L12 18.2698L18.759 11.8378C19.559 11.0758 20 10.0648 20 8.99183C20 7.91883 19.559 6.90683 18.759 6.14483C17.088 4.55483 14.368 4.55483 12.697 6.14483L12 6.80883L11.303 6.14483C10.467 5.34983 9.37 4.95283 8.272 4.95283ZM12 20.9998L3.847 13.2408C2.656 12.1078 2 10.5988 2 8.99183C2 7.38483 2.656 5.87583 3.847 4.74183C6.067 2.62883 9.552 2.43883 12 4.16883C14.448 2.43883 17.933 2.62883 20.153 4.74183C21.344 5.87583 22 7.38483 22 8.99183C22 10.5988 21.344 12.1078 20.153 13.2408L12 20.9998Z\" fill=\"#425A7E\"><\/path>\n              <\/svg><\/button><\/button><\/div><\/li>\n<\/ul>\n<\/div>\n\n\n\n<p class=\"wp-block-paragraph\">Suorissa l\u00e4hetyksiss\u00e4, urheilussa ja nopeatahtisissa dokumenteissa, joissa kameran paikkaa ei voi vaihtaa, suorituskykyiset telezoomit tarjoavat tarvittavan ulottuvuuden ja joustavan rajauksen.<\/p>\n\n\n<div class=\"woocommerce columns-4 \"><ul class=\"products columns-4\">\n<li class=\"product type-product post-288238 status-publish first onbackorder product_cat-zoom-lenses-fi has-post-thumbnail taxable shipping-taxable purchasable product-type-simple\">\n\t<a href=\"https:\/\/mediagear.ee\/fi\/tuote\/panasonic-leica-dg-vario-elmarit-50-200mm-f-2-8-4-0-asph-power-o-i-s\/\" class=\"woocommerce-LoopProduct-link woocommerce-loop-product__link\"><picture><source media=\"(max-width:9999px)\" srcset=\"https:\/\/mediagear.ee\/wp-content\/uploads\/bis-images\/288239\/PANASONIC-Leica-DG-Vario-Elmarit-50-200mm-f2.8-4.0-ASPH-Power-O.I.S-300x300.png\"><source media=\"(min-width:10000px)\" srcset=\"https:\/\/mediagear.ee\/wp-content\/uploads\/2025\/09\/PANASONIC-Leica-DG-Vario-Elmarit-50-200mm-f2.8-4.0-ASPH-Power-O.I.S.png\"><img decoding=\"async\" width=\"800\" height=\"419\" src=\"https:\/\/mediagear.ee\/wp-content\/uploads\/2025\/09\/PANASONIC-Leica-DG-Vario-Elmarit-50-200mm-f2.8-4.0-ASPH-Power-O.I.S.png\" class=\"attachment-full size-full\" alt=\"PANASONIC Leica DG Vario Elmarit 50-200mm f\/2.8-4.0 ASPH Power O.I.S.\" srcset=\"https:\/\/mediagear.ee\/wp-content\/uploads\/2025\/09\/PANASONIC-Leica-DG-Vario-Elmarit-50-200mm-f2.8-4.0-ASPH-Power-O.I.S.png 800w, https:\/\/mediagear.ee\/wp-content\/uploads\/2025\/09\/PANASONIC-Leica-DG-Vario-Elmarit-50-200mm-f2.8-4.0-ASPH-Power-O.I.S-300x157.png 300w, https:\/\/mediagear.ee\/wp-content\/uploads\/2025\/09\/PANASONIC-Leica-DG-Vario-Elmarit-50-200mm-f2.8-4.0-ASPH-Power-O.I.S-768x402.png 768w, https:\/\/mediagear.ee\/wp-content\/uploads\/2025\/09\/PANASONIC-Leica-DG-Vario-Elmarit-50-200mm-f2.8-4.0-ASPH-Power-O.I.S-350x183.png 350w, https:\/\/mediagear.ee\/wp-content\/uploads\/2025\/09\/PANASONIC-Leica-DG-Vario-Elmarit-50-200mm-f2.8-4.0-ASPH-Power-O.I.S-668x350.png 668w, https:\/\/mediagear.ee\/wp-content\/uploads\/2025\/09\/PANASONIC-Leica-DG-Vario-Elmarit-50-200mm-f2.8-4.0-ASPH-Power-O.I.S-600x314.png 600w\" sizes=\"(max-width: 800px) 100vw, 800px\" data-xooWscFly=\"fly\" \/><\/picture><div class=\"product-category\">Zoom-objektiivit<\/div><h2 class=\"woocommerce-loop-product__title\">PANASONIC Leica DG Vario Elmarit 50-200mm f\/2.8-4.0 ASPH Power O.I.S.<\/h2><span class=\"price\"><div class=\"price-wrap\"><span class=\"woocommerce-Price-amount amount\"><bdi><span class=\"woocommerce-Price-currencySymbol\" translate=\"no\">&euro;<\/span>&nbsp;1 479.92<\/bdi><\/span> <\/div><small class=\"woocommerce-price-suffix\"><span class=\"woocommerce-Price-amount amount\"><bdi><span class=\"woocommerce-Price-currencySymbol\" translate=\"no\">&euro;<\/span>&nbsp;1 835.10<\/bdi><\/span> (sis. alv.)<\/small><\/span><\/a><span class=\"gtm4wp_productdata\" style=\"display:none; visibility:hidden;\" data-gtm4wp_product_data=\"{&quot;internal_id&quot;:288238,&quot;item_id&quot;:&quot;H-ES50200E9&quot;,&quot;item_name&quot;:&quot;PANASONIC Leica DG Vario Elmarit 50-200mm f\\\/2.8-4.0 ASPH Power O.I.S.&quot;,&quot;sku&quot;:&quot;H-ES50200E9&quot;,&quot;price&quot;:1479.920000000000072759576141834259033203125,&quot;stocklevel&quot;:0,&quot;stockstatus&quot;:&quot;onbackorder&quot;,&quot;google_business_vertical&quot;:&quot;retail&quot;,&quot;item_category&quot;:&quot;Zoom-objektiivit&quot;,&quot;id&quot;:&quot;H-ES50200E9&quot;,&quot;productlink&quot;:&quot;https:\\\/\\\/mediagear.ee\\\/fi\\\/tuote\\\/panasonic-leica-dg-vario-elmarit-50-200mm-f-2-8-4-0-asph-power-o-i-s\\\/&quot;,&quot;item_list_name&quot;:&quot;General Product List&quot;,&quot;index&quot;:1,&quot;product_type&quot;:&quot;simple&quot;,&quot;item_brand&quot;:&quot;&quot;}\"><\/span><div class=\"wishlist-loop-button\"><button class=\"wishlist-toggle-button\"\n                     data-product-id=\"288238\" \n                     title=\"Add to wishlist\"><svg xmlns=\"http:\/\/www.w3.org\/2000\/svg\" width=\"24\" height=\"24\" viewBox=\"0 0 24 24\" fill=\"none\">\n                <path fill-rule=\"evenodd\" clip-rule=\"evenodd\" d=\"M8.272 4.95283C7.174 4.95283 6.077 5.34983 5.241 6.14483C4.441 6.90683 4 7.91783 4 8.99183C4 10.0648 4.441 11.0758 5.241 11.8378L12 18.2698L18.759 11.8378C19.559 11.0758 20 10.0648 20 8.99183C20 7.91883 19.559 6.90683 18.759 6.14483C17.088 4.55483 14.368 4.55483 12.697 6.14483L12 6.80883L11.303 6.14483C10.467 5.34983 9.37 4.95283 8.272 4.95283ZM12 20.9998L3.847 13.2408C2.656 12.1078 2 10.5988 2 8.99183C2 7.38483 2.656 5.87583 3.847 4.74183C6.067 2.62883 9.552 2.43883 12 4.16883C14.448 2.43883 17.933 2.62883 20.153 4.74183C21.344 5.87583 22 7.38483 22 8.99183C22 10.5988 21.344 12.1078 20.153 13.2408L12 20.9998Z\" fill=\"#425A7E\"><\/path>\n              <\/svg><\/button><\/button><\/div><\/li>\n<li class=\"product type-product post-279120 status-publish onbackorder product_cat-zoom-lenses-fi has-post-thumbnail taxable shipping-taxable purchasable product-type-simple\">\n\t<a href=\"https:\/\/mediagear.ee\/fi\/tuote\/sony-fe-pz-28-135mm-f4-g-oss-servo-zoom-lens\/\" class=\"woocommerce-LoopProduct-link woocommerce-loop-product__link\"><picture><source media=\"(max-width:9999px)\" srcset=\"https:\/\/mediagear.ee\/wp-content\/uploads\/bis-images\/279121\/SONY-FE-PZ-28-135mm-F4-G-OSS-Servo-Zoom-Lens-1-300x300.webp\"><source media=\"(min-width:10000px)\" srcset=\"https:\/\/mediagear.ee\/wp-content\/uploads\/2025\/06\/SONY-FE-PZ-28-135mm-F4-G-OSS-Servo-Zoom-Lens-1.webp\"><img decoding=\"async\" width=\"1000\" height=\"1000\" src=\"https:\/\/mediagear.ee\/wp-content\/uploads\/2025\/06\/SONY-FE-PZ-28-135mm-F4-G-OSS-Servo-Zoom-Lens-1.webp\" class=\"attachment-full size-full\" alt=\"SONY FE PZ 28-135mm F4 G OSS Servo Zoom Lens\" srcset=\"https:\/\/mediagear.ee\/wp-content\/uploads\/2025\/06\/SONY-FE-PZ-28-135mm-F4-G-OSS-Servo-Zoom-Lens-1.webp 1000w, https:\/\/mediagear.ee\/wp-content\/uploads\/2025\/06\/SONY-FE-PZ-28-135mm-F4-G-OSS-Servo-Zoom-Lens-1-300x300.webp 300w, https:\/\/mediagear.ee\/wp-content\/uploads\/2025\/06\/SONY-FE-PZ-28-135mm-F4-G-OSS-Servo-Zoom-Lens-1-100x100.webp 100w, https:\/\/mediagear.ee\/wp-content\/uploads\/2025\/06\/SONY-FE-PZ-28-135mm-F4-G-OSS-Servo-Zoom-Lens-1-800x800.webp 800w, https:\/\/mediagear.ee\/wp-content\/uploads\/2025\/06\/SONY-FE-PZ-28-135mm-F4-G-OSS-Servo-Zoom-Lens-1-150x150.webp 150w, https:\/\/mediagear.ee\/wp-content\/uploads\/2025\/06\/SONY-FE-PZ-28-135mm-F4-G-OSS-Servo-Zoom-Lens-1-768x768.webp 768w, https:\/\/mediagear.ee\/wp-content\/uploads\/2025\/06\/SONY-FE-PZ-28-135mm-F4-G-OSS-Servo-Zoom-Lens-1-350x350.webp 350w\" sizes=\"(max-width: 1000px) 100vw, 1000px\" data-xooWscFly=\"fly\" \/><\/picture><div class=\"product-category\">Zoom-objektiivit<\/div><h2 class=\"woocommerce-loop-product__title\">SONY FE PZ 28-135mm F4 G OSS Servo Zoom Lens<\/h2><span class=\"price\"><div class=\"price-wrap\"><span class=\"woocommerce-Price-amount amount\"><bdi><span class=\"woocommerce-Price-currencySymbol\" translate=\"no\">&euro;<\/span>&nbsp;2 332.50<\/bdi><\/span> <\/div><small class=\"woocommerce-price-suffix\"><span class=\"woocommerce-Price-amount amount\"><bdi><span class=\"woocommerce-Price-currencySymbol\" translate=\"no\">&euro;<\/span>&nbsp;2 892.30<\/bdi><\/span> (sis. alv.)<\/small><\/span><\/a><span class=\"gtm4wp_productdata\" style=\"display:none; visibility:hidden;\" data-gtm4wp_product_data=\"{&quot;internal_id&quot;:279120,&quot;item_id&quot;:&quot;SELP28135G.SYX&quot;,&quot;item_name&quot;:&quot;SONY FE PZ 28-135mm F4 G OSS Servo Zoom Lens&quot;,&quot;sku&quot;:&quot;SELP28135G.SYX&quot;,&quot;price&quot;:2332.5,&quot;stocklevel&quot;:0,&quot;stockstatus&quot;:&quot;onbackorder&quot;,&quot;google_business_vertical&quot;:&quot;retail&quot;,&quot;item_category&quot;:&quot;Zoom-objektiivit&quot;,&quot;id&quot;:&quot;SELP28135G.SYX&quot;,&quot;productlink&quot;:&quot;https:\\\/\\\/mediagear.ee\\\/fi\\\/tuote\\\/sony-fe-pz-28-135mm-f4-g-oss-servo-zoom-lens\\\/&quot;,&quot;item_list_name&quot;:&quot;General Product List&quot;,&quot;index&quot;:2,&quot;product_type&quot;:&quot;simple&quot;,&quot;item_brand&quot;:&quot;&quot;}\"><\/span><div class=\"wishlist-loop-button\"><button class=\"wishlist-toggle-button\"\n                     data-product-id=\"279120\" \n                     title=\"Add to wishlist\"><svg xmlns=\"http:\/\/www.w3.org\/2000\/svg\" width=\"24\" height=\"24\" viewBox=\"0 0 24 24\" fill=\"none\">\n                <path fill-rule=\"evenodd\" clip-rule=\"evenodd\" d=\"M8.272 4.95283C7.174 4.95283 6.077 5.34983 5.241 6.14483C4.441 6.90683 4 7.91783 4 8.99183C4 10.0648 4.441 11.0758 5.241 11.8378L12 18.2698L18.759 11.8378C19.559 11.0758 20 10.0648 20 8.99183C20 7.91883 19.559 6.90683 18.759 6.14483C17.088 4.55483 14.368 4.55483 12.697 6.14483L12 6.80883L11.303 6.14483C10.467 5.34983 9.37 4.95283 8.272 4.95283ZM12 20.9998L3.847 13.2408C2.656 12.1078 2 10.5988 2 8.99183C2 7.38483 2.656 5.87583 3.847 4.74183C6.067 2.62883 9.552 2.43883 12 4.16883C14.448 2.43883 17.933 2.62883 20.153 4.74183C21.344 5.87583 22 7.38483 22 8.99183C22 10.5988 21.344 12.1078 20.153 13.2408L12 20.9998Z\" fill=\"#425A7E\"><\/path>\n              <\/svg><\/button><\/button><\/div><\/li>\n<\/ul>\n<\/div>\n\n\n\n<p class=\"wp-block-paragraph\">Tutustu kattavaan teleobjektiivivalikoimaamme <a href=\"https:\/\/mediagear.ee\/fi\/tuote-osasto\/lenses-fi\/fixed-lenses-fi\/\">kiinte\u00e4polttov\u00e4listen objektiivien<\/a> kategoriassa l\u00f6yt\u00e4\u00e4ksesi omalle kiinnityksellesi sopivan optiikan.<\/p>\n\n\n\n<h2 class=\"wp-block-heading\">Vertailu: Laajakulma- ja teleobjektiivit<\/h2>\n\n\n\n<figure>\n<table>\n<thead>\n<tr>\n<th>Ominaisuus<\/th>\n<th>Laajakulmaobjektiivit<\/th>\n<th>Teleobjektiivit<\/th>\n<\/tr>\n<\/thead>\n<tbody>\n<tr>\n<td><strong>Tyypillinen polttov\u00e4li (FF)<\/strong><\/td>\n<td>12\u201335 mm<\/td>\n<td>70\u2013200+ mm<\/td>\n<\/tr>\n<tr>\n<td><strong>Kuvakulma<\/strong><\/td>\n<td>Laaja \/ Avara<\/td>\n<td>Kapea \/ Tarkennettu<\/td>\n<\/tr>\n<tr>\n<td><strong>Perspektiivivaikutus<\/strong><\/td>\n<td>Lis\u00e4\u00e4 tilallista et\u00e4isyytt\u00e4<\/td>\n<td>Tiivist\u00e4\u00e4 etualan ja taustan v\u00e4li\u00e4<\/td>\n<\/tr>\n<tr>\n<td><strong>Syv\u00e4ter\u00e4vyys<\/strong><\/td>\n<td>Suuri (tausta s\u00e4ilyy ter\u00e4v\u00e4n\u00e4)<\/td>\n<td>Kapea (pehme\u00e4 taustasumennus \/ bokeh)<\/td>\n<\/tr>\n<tr>\n<td><strong>Et\u00e4isyys kohteeseen<\/strong><\/td>\n<td>L\u00e4hell\u00e4 kohdetta<\/td>\n<td>Kaukana kohteesta<\/td>\n<\/tr>\n<tr>\n<td><strong>Herkkyys t\u00e4rin\u00e4lle<\/strong><\/td>\n<td>Pieni (armollinen gimbaalik\u00e4yt\u00f6ss\u00e4)<\/td>\n<td>Suuri (vaatii vakautusta\/jalustan)<\/td>\n<\/tr>\n<tr>\n<td><strong>P\u00e4\u00e4asialliset k\u00e4ytt\u00f6tarkoitukset<\/strong><\/td>\n<td>Sis\u00e4tilat, maisemat, toimintakohtaukset<\/td>\n<td>Haastattelut, urheilu, kohteen erottaminen<\/td>\n<\/tr>\n<\/tbody>\n<\/table>\n<\/figure>\n\n\n\n<h2 class=\"wp-block-heading\">Objektiivien valinta eri kuvaustilanteisiin<\/h2>\n\n\n\n<p class=\"wp-block-paragraph\">Kalustoa suunniteltaessa polttov\u00e4lit kannattaa valita suoraan tuotannon ty\u00f6nkulun ja tarpeiden mukaan:<\/p>\n\n\n\n<h3 class=\"wp-block-heading\">Fiktioelokuvat ja mainostuotannot<\/h3>\n\n\n\n<p class=\"wp-block-paragraph\">Visuaalinen yhten\u00e4isyys s\u00e4ilyy parhaiten k\u00e4ytt\u00e4m\u00e4ll\u00e4 yhten\u00e4ist\u00e4 elokuvaobjektiivisarjaa (cinema primes). K\u00e4yt\u00e4 laajakulmaa tilan hahmottaviin yleiskuviin ja yli 85 mm:n polttov\u00e4lej\u00e4 intiimeihin l\u00e4hikuviin. Lue my\u00f6s oppaamme aiheesta <a href=\"https:\/\/mediagear.ee\/fi\/elokuvaobjektiivi-videotuotantoon\/\">elokuvaobjektiivit videotuotannossa<\/a>, jossa k\u00e4sitell\u00e4\u00e4n tarkennuksen hallintaa ja optisia ominaisuuksia.<\/p>\n\n\n\n<h3 class=\"wp-block-heading\">Yritysvideot ja haastattelut<\/h3>\n\n\n\n<p class=\"wp-block-paragraph\">85 mm:n tai 105 mm:n elokuvaobjektiivi erottaa kohteen kauniisti taustasta ja toistaa kasvojen muodot luonnollisina. Jos kuvataan ahtaissa toimistotiloissa, 35 mm:n tai 50 mm:n objektiivi mahdollistaa toimivan rajauksen ilman, ett\u00e4 kameraa tarvitsee peruuttaa sein\u00e4\u00e4n kiinni.<\/p>\n\n\n\n<h3 class=\"wp-block-heading\">Tapahtumakuvaus, urheilu ja dokumentit<\/h3>\n\n\n\n<p class=\"wp-block-paragraph\">Nopeasti muuttuvat tilanteet vaativat joustavuutta. Moottoroidulla zoomilla (servo zoom) varustetut teleobjektiivit mahdollistavat rajauksen muuttamisen lennosta ilman, ett\u00e4 objektiivia tarvitsee vaihtaa kesken otoksen.<\/p>\n\n\n\n<p class=\"wp-block-paragraph\">Tutustu <a href=\"https:\/\/mediagear.ee\/fi\/tuote-osasto\/lenses-fi\/\">ammattiobjektiivien<\/a> valikoimaamme ja l\u00f6yd\u00e4 omaan j\u00e4rjestelm\u00e4\u00e4si sopiva optiikka.<\/p>\n\n\n\n<h2 class=\"wp-block-heading\">Tiivistelm\u00e4<\/h2>\n\n\n\n<ul class=\"wp-block-list\">\n<li><strong>Perspektiivi riippuu et\u00e4isyydest\u00e4:<\/strong> Laajakulmaobjektiivit lis\u00e4\u00e4v\u00e4t kohteiden ja taustan v\u00e4list\u00e4 et\u00e4isyyden tunnetta, kun taas teleobjektiivit tiivist\u00e4v\u00e4t tilallista syvyytt\u00e4.<\/li>\n<li><strong>Valitse polttov\u00e4li tilan mukaan:<\/strong> Laajakulmat toimivat parhaiten ahtaissa tiloissa, avarissa maisemissa ja liikekuvissa. Teleobjektiivit sopivat erinomaisesti haastatteluihin, kohteen erottamiseen taustasta ja kaukaa kuvaamiseen.<\/li>\n<li><strong>Huomioi rajakerroin:<\/strong> Laske aina kennokoon vaikutus polttov\u00e4liin saavuttaaksesi halutun kuvakulman.<\/li>\n<li><strong>Huolehdi vakautuksesta:<\/strong> Teleobjektiivilla kuvaaminen vaatii tukevan jalustan tai optisen vakautuksen, sill\u00e4 t\u00e4rin\u00e4 voimistuu polttov\u00e4lin pidentyess\u00e4.<\/li>\n<\/ul>\n\n\n\n<h2 class=\"wp-block-heading\">P\u00e4ivit\u00e4 objektiivikalustosi<\/h2>\n\n\n\n<p class=\"wp-block-paragraph\">Tarvitsetko apua oikeiden elokuva- tai zoom-objektiivien valinnassa tuotantoosi? Ota yhteytt\u00e4 MediaGearin asiantuntijoihin \u2013 autamme valitsemaan sopivat laitteet ja toimitamme ne nopeasti kaikkialle Eurooppaan.<\/p>\n\n","protected":false},"excerpt":{"rendered":"<p>Vertaile laajakulma- ja teleobjektiiveja videotuotannossa. Katso, miten polttov\u00e4li vaikuttaa perspektiiviin, syv\u00e4ter\u00e4vyyteen ja kohteen erottuvuuteen.<\/p>\n","protected":false},"author":0,"featured_media":421373,"comment_status":"","ping_status":"","sticky":false,"template":"","format":"standard","meta":{"_acf_changed":false,"footnotes":""},"categories":[3568],"tags":[],"class_list":["post-421493","post","type-post","status-publish","format-standard","has-post-thumbnail","hentry","category-blog-posts"],"acf":[],"yoast_head":"<!-- This site is optimized with the Yoast SEO plugin v28.2 - https:\/\/yoast.com\/product\/yoast-seo-wordpress\/ -->\n<title>Laajakulma- ja teleobjektiivi videotuotannossa<\/title>\n<meta name=\"description\" content=\"Vertaile laajakulma- ja teleobjektiiveja videotuotannossa. Katso, miten polttov\u00e4li vaikuttaa perspektiiviin, syv\u00e4ter\u00e4vyyteen ja kohteen erottuvuuteen.\" \/>\n<meta name=\"robots\" content=\"index, follow, max-snippet:-1, max-image-preview:large, max-video-preview:-1\" \/>\n<link rel=\"canonical\" href=\"https:\/\/mediagear.ee\/fi\/laajakulmaobjektiivi-vs-teleobjektiivi-videotuotantoon\/\" \/>\n<meta property=\"og:locale\" content=\"fi_FI\" \/>\n<meta property=\"og:type\" content=\"article\" \/>\n<meta property=\"og:title\" content=\"Laajakulma- ja teleobjektiivi videotuotannossa\" \/>\n<meta property=\"og:description\" content=\"Vertaile laajakulma- ja teleobjektiiveja videotuotannossa. Katso, miten polttov\u00e4li vaikuttaa perspektiiviin, syv\u00e4ter\u00e4vyyteen ja kohteen erottuvuuteen.\" \/>\n<meta property=\"og:url\" content=\"https:\/\/mediagear.ee\/fi\/laajakulmaobjektiivi-vs-teleobjektiivi-videotuotantoon\/\" \/>\n<meta property=\"og:site_name\" content=\"MediaGear\" \/>\n<meta property=\"article:publisher\" content=\"https:\/\/www.facebook.com\/Mediagear.ee\/\" \/>\n<meta property=\"article:published_time\" content=\"2026-09-02T15:40:25+00:00\" \/>\n<meta property=\"og:image\" content=\"https:\/\/mediagear.ee\/wp-content\/uploads\/2026\/09\/camera-tripod-living-42acaa-f6c45498550f.webp\" \/>\n\t<meta property=\"og:image:width\" content=\"1536\" \/>\n\t<meta property=\"og:image:height\" content=\"1024\" \/>\n\t<meta property=\"og:image:type\" content=\"image\/webp\" \/>\n<meta name=\"twitter:card\" content=\"summary_large_image\" \/>\n<meta name=\"twitter:label1\" content=\"Arvioitu lukuaika\" \/>\n\t<meta name=\"twitter:data1\" content=\"5 minuuttia\" \/>\n<script type=\"application\/ld+json\" class=\"yoast-schema-graph\">{\"@context\":\"https:\\\/\\\/schema.org\",\"@graph\":[{\"@type\":\"Article\",\"@id\":\"https:\\\/\\\/mediagear.ee\\\/fi\\\/laajakulmaobjektiivi-vs-teleobjektiivi-videotuotantoon\\\/#article\",\"isPartOf\":{\"@id\":\"https:\\\/\\\/mediagear.ee\\\/fi\\\/laajakulmaobjektiivi-vs-teleobjektiivi-videotuotantoon\\\/\"},\"author\":{\"name\":\"\",\"@id\":\"\"},\"headline\":\"Laajakulma- ja teleobjektiivi videotuotannossa\",\"datePublished\":\"2026-09-02T15:40:25+00:00\",\"mainEntityOfPage\":{\"@id\":\"https:\\\/\\\/mediagear.ee\\\/fi\\\/laajakulmaobjektiivi-vs-teleobjektiivi-videotuotantoon\\\/\"},\"wordCount\":1058,\"publisher\":{\"@id\":\"https:\\\/\\\/mediagear.ee\\\/fi\\\/#organization\"},\"image\":{\"@id\":\"https:\\\/\\\/mediagear.ee\\\/fi\\\/laajakulmaobjektiivi-vs-teleobjektiivi-videotuotantoon\\\/#primaryimage\"},\"thumbnailUrl\":\"https:\\\/\\\/mediagear.ee\\\/wp-content\\\/uploads\\\/2026\\\/09\\\/camera-tripod-living-42acaa-f6c45498550f.webp\",\"articleSection\":[\"Blog posts\"],\"inLanguage\":\"fi\"},{\"@type\":\"WebPage\",\"@id\":\"https:\\\/\\\/mediagear.ee\\\/fi\\\/laajakulmaobjektiivi-vs-teleobjektiivi-videotuotantoon\\\/\",\"url\":\"https:\\\/\\\/mediagear.ee\\\/fi\\\/laajakulmaobjektiivi-vs-teleobjektiivi-videotuotantoon\\\/\",\"name\":\"Laajakulma- ja teleobjektiivi videotuotannossa\",\"isPartOf\":{\"@id\":\"https:\\\/\\\/mediagear.ee\\\/fi\\\/#website\"},\"primaryImageOfPage\":{\"@id\":\"https:\\\/\\\/mediagear.ee\\\/fi\\\/laajakulmaobjektiivi-vs-teleobjektiivi-videotuotantoon\\\/#primaryimage\"},\"image\":{\"@id\":\"https:\\\/\\\/mediagear.ee\\\/fi\\\/laajakulmaobjektiivi-vs-teleobjektiivi-videotuotantoon\\\/#primaryimage\"},\"thumbnailUrl\":\"https:\\\/\\\/mediagear.ee\\\/wp-content\\\/uploads\\\/2026\\\/09\\\/camera-tripod-living-42acaa-f6c45498550f.webp\",\"datePublished\":\"2026-09-02T15:40:25+00:00\",\"description\":\"Vertaile laajakulma- ja teleobjektiiveja videotuotannossa. Katso, miten polttov\u00e4li vaikuttaa perspektiiviin, syv\u00e4ter\u00e4vyyteen ja kohteen erottuvuuteen.\",\"breadcrumb\":{\"@id\":\"https:\\\/\\\/mediagear.ee\\\/fi\\\/laajakulmaobjektiivi-vs-teleobjektiivi-videotuotantoon\\\/#breadcrumb\"},\"inLanguage\":\"fi\",\"potentialAction\":[{\"@type\":\"ReadAction\",\"target\":[\"https:\\\/\\\/mediagear.ee\\\/fi\\\/laajakulmaobjektiivi-vs-teleobjektiivi-videotuotantoon\\\/\"]}]},{\"@type\":\"ImageObject\",\"inLanguage\":\"fi\",\"@id\":\"https:\\\/\\\/mediagear.ee\\\/fi\\\/laajakulmaobjektiivi-vs-teleobjektiivi-videotuotantoon\\\/#primaryimage\",\"url\":\"https:\\\/\\\/mediagear.ee\\\/wp-content\\\/uploads\\\/2026\\\/09\\\/camera-tripod-living-42acaa-f6c45498550f.webp\",\"contentUrl\":\"https:\\\/\\\/mediagear.ee\\\/wp-content\\\/uploads\\\/2026\\\/09\\\/camera-tripod-living-42acaa-f6c45498550f.webp\",\"width\":1536,\"height\":1024,\"caption\":\"Wide-angle interior filming\"},{\"@type\":\"BreadcrumbList\",\"@id\":\"https:\\\/\\\/mediagear.ee\\\/fi\\\/laajakulmaobjektiivi-vs-teleobjektiivi-videotuotantoon\\\/#breadcrumb\",\"itemListElement\":[{\"@type\":\"ListItem\",\"position\":1,\"name\":\"Home\",\"item\":\"https:\\\/\\\/mediagear.ee\\\/fi\\\/\"},{\"@type\":\"ListItem\",\"position\":2,\"name\":\"Laajakulma- ja teleobjektiivi videotuotannossa\"}]},{\"@type\":\"WebSite\",\"@id\":\"https:\\\/\\\/mediagear.ee\\\/fi\\\/#website\",\"url\":\"https:\\\/\\\/mediagear.ee\\\/fi\\\/\",\"name\":\"MediaGear\",\"description\":\"Full-service solutions in AV equipment\",\"publisher\":{\"@id\":\"https:\\\/\\\/mediagear.ee\\\/fi\\\/#organization\"},\"potentialAction\":[{\"@type\":\"SearchAction\",\"target\":{\"@type\":\"EntryPoint\",\"urlTemplate\":\"https:\\\/\\\/mediagear.ee\\\/fi\\\/?s={search_term_string}\"},\"query-input\":{\"@type\":\"PropertyValueSpecification\",\"valueRequired\":true,\"valueName\":\"search_term_string\"}}],\"inLanguage\":\"fi\"},{\"@type\":\"Organization\",\"@id\":\"https:\\\/\\\/mediagear.ee\\\/fi\\\/#organization\",\"name\":\"Mediagear\",\"url\":\"https:\\\/\\\/mediagear.ee\\\/fi\\\/\",\"logo\":{\"@type\":\"ImageObject\",\"inLanguage\":\"fi\",\"@id\":\"https:\\\/\\\/mediagear.ee\\\/fi\\\/#\\\/schema\\\/logo\\\/image\\\/\",\"url\":\"https:\\\/\\\/mediagear.ee\\\/wp-content\\\/uploads\\\/2024\\\/05\\\/MediaGear-logo-transp.png\",\"contentUrl\":\"https:\\\/\\\/mediagear.ee\\\/wp-content\\\/uploads\\\/2024\\\/05\\\/MediaGear-logo-transp.png\",\"width\":600,\"height\":200,\"caption\":\"Mediagear\"},\"image\":{\"@id\":\"https:\\\/\\\/mediagear.ee\\\/fi\\\/#\\\/schema\\\/logo\\\/image\\\/\"},\"sameAs\":[\"https:\\\/\\\/www.facebook.com\\\/Mediagear.ee\\\/\",\"https:\\\/\\\/www.instagram.com\\\/mediagear_ee\\\/\"]}]}<\/script>\n<!-- \/ Yoast SEO plugin. -->","yoast_head_json":{"title":"Laajakulma- ja teleobjektiivi videotuotannossa","description":"Vertaile laajakulma- ja teleobjektiiveja videotuotannossa. Katso, miten polttov\u00e4li vaikuttaa perspektiiviin, syv\u00e4ter\u00e4vyyteen ja kohteen erottuvuuteen.","robots":{"index":"index","follow":"follow","max-snippet":"max-snippet:-1","max-image-preview":"max-image-preview:large","max-video-preview":"max-video-preview:-1"},"canonical":"https:\/\/mediagear.ee\/fi\/laajakulmaobjektiivi-vs-teleobjektiivi-videotuotantoon\/","og_locale":"fi_FI","og_type":"article","og_title":"Laajakulma- ja teleobjektiivi videotuotannossa","og_description":"Vertaile laajakulma- ja teleobjektiiveja videotuotannossa. Katso, miten polttov\u00e4li vaikuttaa perspektiiviin, syv\u00e4ter\u00e4vyyteen ja kohteen erottuvuuteen.","og_url":"https:\/\/mediagear.ee\/fi\/laajakulmaobjektiivi-vs-teleobjektiivi-videotuotantoon\/","og_site_name":"MediaGear","article_publisher":"https:\/\/www.facebook.com\/Mediagear.ee\/","article_published_time":"2026-09-02T15:40:25+00:00","og_image":[{"width":1536,"height":1024,"url":"https:\/\/mediagear.ee\/wp-content\/uploads\/2026\/09\/camera-tripod-living-42acaa-f6c45498550f.webp","type":"image\/webp"}],"twitter_card":"summary_large_image","twitter_misc":{"Arvioitu lukuaika":"5 minuuttia"},"schema":{"@context":"https:\/\/schema.org","@graph":[{"@type":"Article","@id":"https:\/\/mediagear.ee\/fi\/laajakulmaobjektiivi-vs-teleobjektiivi-videotuotantoon\/#article","isPartOf":{"@id":"https:\/\/mediagear.ee\/fi\/laajakulmaobjektiivi-vs-teleobjektiivi-videotuotantoon\/"},"author":{"name":"","@id":""},"headline":"Laajakulma- ja teleobjektiivi videotuotannossa","datePublished":"2026-09-02T15:40:25+00:00","mainEntityOfPage":{"@id":"https:\/\/mediagear.ee\/fi\/laajakulmaobjektiivi-vs-teleobjektiivi-videotuotantoon\/"},"wordCount":1058,"publisher":{"@id":"https:\/\/mediagear.ee\/fi\/#organization"},"image":{"@id":"https:\/\/mediagear.ee\/fi\/laajakulmaobjektiivi-vs-teleobjektiivi-videotuotantoon\/#primaryimage"},"thumbnailUrl":"https:\/\/mediagear.ee\/wp-content\/uploads\/2026\/09\/camera-tripod-living-42acaa-f6c45498550f.webp","articleSection":["Blog posts"],"inLanguage":"fi"},{"@type":"WebPage","@id":"https:\/\/mediagear.ee\/fi\/laajakulmaobjektiivi-vs-teleobjektiivi-videotuotantoon\/","url":"https:\/\/mediagear.ee\/fi\/laajakulmaobjektiivi-vs-teleobjektiivi-videotuotantoon\/","name":"Laajakulma- ja teleobjektiivi videotuotannossa","isPartOf":{"@id":"https:\/\/mediagear.ee\/fi\/#website"},"primaryImageOfPage":{"@id":"https:\/\/mediagear.ee\/fi\/laajakulmaobjektiivi-vs-teleobjektiivi-videotuotantoon\/#primaryimage"},"image":{"@id":"https:\/\/mediagear.ee\/fi\/laajakulmaobjektiivi-vs-teleobjektiivi-videotuotantoon\/#primaryimage"},"thumbnailUrl":"https:\/\/mediagear.ee\/wp-content\/uploads\/2026\/09\/camera-tripod-living-42acaa-f6c45498550f.webp","datePublished":"2026-09-02T15:40:25+00:00","description":"Vertaile laajakulma- ja teleobjektiiveja videotuotannossa. Katso, miten polttov\u00e4li vaikuttaa perspektiiviin, syv\u00e4ter\u00e4vyyteen ja kohteen erottuvuuteen.","breadcrumb":{"@id":"https:\/\/mediagear.ee\/fi\/laajakulmaobjektiivi-vs-teleobjektiivi-videotuotantoon\/#breadcrumb"},"inLanguage":"fi","potentialAction":[{"@type":"ReadAction","target":["https:\/\/mediagear.ee\/fi\/laajakulmaobjektiivi-vs-teleobjektiivi-videotuotantoon\/"]}]},{"@type":"ImageObject","inLanguage":"fi","@id":"https:\/\/mediagear.ee\/fi\/laajakulmaobjektiivi-vs-teleobjektiivi-videotuotantoon\/#primaryimage","url":"https:\/\/mediagear.ee\/wp-content\/uploads\/2026\/09\/camera-tripod-living-42acaa-f6c45498550f.webp","contentUrl":"https:\/\/mediagear.ee\/wp-content\/uploads\/2026\/09\/camera-tripod-living-42acaa-f6c45498550f.webp","width":1536,"height":1024,"caption":"Wide-angle interior filming"},{"@type":"BreadcrumbList","@id":"https:\/\/mediagear.ee\/fi\/laajakulmaobjektiivi-vs-teleobjektiivi-videotuotantoon\/#breadcrumb","itemListElement":[{"@type":"ListItem","position":1,"name":"Home","item":"https:\/\/mediagear.ee\/fi\/"},{"@type":"ListItem","position":2,"name":"Laajakulma- ja teleobjektiivi videotuotannossa"}]},{"@type":"WebSite","@id":"https:\/\/mediagear.ee\/fi\/#website","url":"https:\/\/mediagear.ee\/fi\/","name":"MediaGear","description":"Full-service solutions in AV equipment","publisher":{"@id":"https:\/\/mediagear.ee\/fi\/#organization"},"potentialAction":[{"@type":"SearchAction","target":{"@type":"EntryPoint","urlTemplate":"https:\/\/mediagear.ee\/fi\/?s={search_term_string}"},"query-input":{"@type":"PropertyValueSpecification","valueRequired":true,"valueName":"search_term_string"}}],"inLanguage":"fi"},{"@type":"Organization","@id":"https:\/\/mediagear.ee\/fi\/#organization","name":"Mediagear","url":"https:\/\/mediagear.ee\/fi\/","logo":{"@type":"ImageObject","inLanguage":"fi","@id":"https:\/\/mediagear.ee\/fi\/#\/schema\/logo\/image\/","url":"https:\/\/mediagear.ee\/wp-content\/uploads\/2024\/05\/MediaGear-logo-transp.png","contentUrl":"https:\/\/mediagear.ee\/wp-content\/uploads\/2024\/05\/MediaGear-logo-transp.png","width":600,"height":200,"caption":"Mediagear"},"image":{"@id":"https:\/\/mediagear.ee\/fi\/#\/schema\/logo\/image\/"},"sameAs":["https:\/\/www.facebook.com\/Mediagear.ee\/","https:\/\/www.instagram.com\/mediagear_ee\/"]}]}},"_links":{"self":[{"href":"https:\/\/mediagear.ee\/fi\/wp-json\/wp\/v2\/posts\/421493","targetHints":{"allow":["GET"]}}],"collection":[{"href":"https:\/\/mediagear.ee\/fi\/wp-json\/wp\/v2\/posts"}],"about":[{"href":"https:\/\/mediagear.ee\/fi\/wp-json\/wp\/v2\/types\/post"}],"replies":[{"embeddable":true,"href":"https:\/\/mediagear.ee\/fi\/wp-json\/wp\/v2\/comments?post=421493"}],"version-history":[{"count":0,"href":"https:\/\/mediagear.ee\/fi\/wp-json\/wp\/v2\/posts\/421493\/revisions"}],"wp:featuredmedia":[{"embeddable":true,"href":"https:\/\/mediagear.ee\/fi\/wp-json\/wp\/v2\/media\/421373"}],"wp:attachment":[{"href":"https:\/\/mediagear.ee\/fi\/wp-json\/wp\/v2\/media?parent=421493"}],"wp:term":[{"taxonomy":"category","embeddable":true,"href":"https:\/\/mediagear.ee\/fi\/wp-json\/wp\/v2\/categories?post=421493"},{"taxonomy":"post_tag","embeddable":true,"href":"https:\/\/mediagear.ee\/fi\/wp-json\/wp\/v2\/tags?post=421493"}],"curies":[{"name":"wp","href":"https:\/\/api.w.org\/{rel}","templated":true}]}}